{"id":148882,"date":"2023-03-30T19:32:52","date_gmt":"2023-03-30T17:32:52","guid":{"rendered":"https:\/\/www.messinaoggi.it\/website\/2023\/03\/30\/insularita-nasce-losservatorio-sardegna-sicilia\/"},"modified":"2023-03-30T19:32:52","modified_gmt":"2023-03-30T17:32:52","slug":"insularita-nasce-losservatorio-sardegna-sicilia","status":"publish","type":"post","link":"https:\/\/www.messinaoggi.it\/website\/2023\/03\/30\/insularita-nasce-losservatorio-sardegna-sicilia\/","title":{"rendered":"Insularit\u00e0, nasce l\u2019Osservatorio Sardegna-Sicilia"},"content":{"rendered":"<div>\n<p>ROMA (ITALPRESS) \u2013 Nasce l\u2019osservatorio Sardegna-Sicilia, che segna una tappa fondamentale per monitorare l\u2019attuazione del principio di insularit\u00e0, a partire dal DDL sul regionalismo differenziato. <br \/>A presentare il Comitato promotore del nuovo organismo, a Roma, sono stati Michele Cossa, del Comitato promotore per l\u2019inserimento del principio di insularit\u00e0 in Costituzione, Gaetano Armao, UNIPA, Presidente dall\u2019Associazione per l\u2019insularit\u00e0, Giannina Usai, Segretario regionale ANCIM (Associazione nazionale dei Comuni delle isole minori), oltre ad alcuni parlamentari eletti nelle Isola, sindaci delle isole minori e ai rappresentanti delle Organizzazioni di categoria. <br \/>Per il Presidente dell\u2019Associazione siciliana per l\u2019insularit\u00e0, Gaetano Armao, \u201cSardegna e Sicilia lavoreranno assieme per verificare non solo la normativa nazionale ma anche tutti i piani e i provvedimenti che vengono adottati dallo Stato e dalle agenzie che investono sul territorio: energia, trasporti, infrastrutture nei diversi settori. In questo modo avremo a disposizione gli elementi che servono per capire le azioni che vengono messe in campo e formulare proposte e chiedere i necessari aggiustamenti\u201d. <br \/>Per questo motivo si lavora alla creazione di un osservatorio giuridico economico che svolga un ruolo di stimolo e di verifica sulle politiche nazionali. <br \/>L\u2019osservatorio congiunto tra le due Isole, che vedr\u00e0 come protagonisti gli atenei di Palermo, Cagliari e Sassari e le organizzazioni di categoria a livello regionale e nazionale, avr\u00e0 il compito di verificare, analizzare, fotografare passo dopo passo il percorso avviato con la riforma costituzionale. Un lavoro prezioso anche per elaborare proposte concrete da sottoporre ai governi regionali e al governo nazionale. Una posizione, quella della Sicilia, che trova sponda nelle parole di Michele Cossa. \u201cInizia una nuova fase di lavoro \u2013 spiega \u2013 che vede impegnate in prima linea le due Isole maggiori con l\u2019obiettivo di dare concretezza al principio di insularit\u00e0. Per la prima volta Sardegna e Sicilia si muovono insieme e, pur partendo da condizioni differenti, puntano a perseguire un obiettivo comune\u201d.<br \/>A livello nazionale, \u00e8 il ragionamento che ha portato all\u2019intesa presentata oggi a Roma, non vi \u00e8 ancora piena consapevolezza non solo della portata ma nemmeno della stessa esistenza del principio di insularit\u00e0. Lo testimoniano il fatto che iInizialmente esso non veniva nemmeno citato nel DDL Calderoli, gli stanziamenti irrisori previsti nell\u2019ultima legge finanziaria nazionale e la nulla considerazione nei confronti delle isole della Relazione sulla politica di coesione. \u201cLe politiche per l\u2019insularit\u00e0 \u2013 prosegue Cossa \u2013 devono invece diventare un fatto sostanziale, che dia concretezza all\u2019impegno sancito dalla Costituzione. I temi sono quelli che attengono al gap insulare, primi fra tutti la continuit\u00e0 territoriale, la perequazione infrastrutturale, il sostegno alla competitivit\u00e0 (fiscalit\u00e0 di sviluppo), le azioni specifiche dell\u2019Unione europea per le isole, l\u2019energia digitale\u201d.<br \/>Per Giannina Usai, segretaria generale dell\u2019Associazione dei comuni delle isole minori, \u201cle isole del mediterraneo hanno una straordinaria opportunit\u00e0 di mandare avanti comuni progetti di sviluppo. Anche le regioni non insulari, ma che abbracciano isole e arcipelaghi (Toscana, Campania, Lazio, Puglia) devono sentirsi protagoniste di questo processo\u201d.<br \/>Alla conferenza stampa hanno partecipato anche diversi parlamentari (Pietro Pittalis, Emiliano Fenu, Francesca Ghirra, Marco Meloni), e rappresentanti delle organizzazioni di categoria (Paolo Mele, presidente di Confagricoltura Sardegna, Giorgio Delpiano, presidente di Apisarda-Confapi) anche di livello nazionale (Confcommercio e Copagri).<div id=\"div-gpt-ad-Messinaoggi.it-DSK-300x250-corpoart\" style=\"text-align:center;margin:0 auto;\"><\/div><\/p>\n<p>foto: agenziafotogramma.it <div id=\"videoincontent\" style=\"clear:both\";><\/div><\/p>\n<p>(ITALPRESS).<\/p>\n<\/div>\n","protected":false},"excerpt":{"rendered":"<p>ROMA (ITALPRESS) \u2013 Nasce l\u2019osservatorio Sardegna-Sicilia, che segna una tappa fondamentale per monitorare l\u2019attuazione del principio di insularit\u00e0, a partire dal DDL sul regionalismo differenziato. A presentare il Comitato promotore del nuovo organismo, a Roma, sono stati Michele Cossa, del Comitato promotore per l\u2019inserimento del principio di insularit\u00e0 in Costituzione, Gaetano Armao, UNIPA, Presidente dall\u2019Associazione [&hellip;]<\/p>\n","protected":false},"author":18,"featured_media":148883,"comment_status":"closed","ping_status":"closed","sticky":false,"template":"","format":"standard","meta":{"ub_ctt_via":"","_mi_skip_tracking":false},"categories":[2449],"tags":[783],"featured_image_src":"https:\/\/www.messinaoggi.it\/website\/wp-content\/uploads\/2023\/03\/20230330_2222.jpg","author_info":{"display_name":"Admin","author_link":"https:\/\/www.messinaoggi.it\/website\/author\/admin\/"},"digistream_id":0,"digistream":false,"_links":{"self":[{"href":"https:\/\/www.messinaoggi.it\/website\/wp-json\/wp\/v2\/posts\/148882"}],"collection":[{"href":"https:\/\/www.messinaoggi.it\/website\/wp-json\/wp\/v2\/posts"}],"about":[{"href":"https:\/\/www.messinaoggi.it\/website\/wp-json\/wp\/v2\/types\/post"}],"author":[{"embeddable":true,"href":"https:\/\/www.messinaoggi.it\/website\/wp-json\/wp\/v2\/users\/18"}],"replies":[{"embeddable":true,"href":"https:\/\/www.messinaoggi.it\/website\/wp-json\/wp\/v2\/comments?post=148882"}],"version-history":[{"count":0,"href":"https:\/\/www.messinaoggi.it\/website\/wp-json\/wp\/v2\/posts\/148882\/revisions"}],"wp:featuredmedia":[{"embeddable":true,"href":"https:\/\/www.messinaoggi.it\/website\/wp-json\/wp\/v2\/media\/148883"}],"wp:attachment":[{"href":"https:\/\/www.messinaoggi.it\/website\/wp-json\/wp\/v2\/media?parent=148882"}],"wp:term":[{"taxonomy":"category","embeddable":true,"href":"https:\/\/www.messinaoggi.it\/website\/wp-json\/wp\/v2\/categories?post=148882"},{"taxonomy":"post_tag","embeddable":true,"href":"https:\/\/www.messinaoggi.it\/website\/wp-json\/wp\/v2\/tags?post=148882"}],"curies":[{"name":"wp","href":"https:\/\/api.w.org\/{rel}","templated":true}]}}