{"id":148833,"date":"2023-03-30T16:17:52","date_gmt":"2023-03-30T14:17:52","guid":{"rendered":"https:\/\/www.messinaoggi.it\/website\/2023\/03\/30\/di-betta-nuovo-presidente-federazione-editori-digitali\/"},"modified":"2023-03-30T16:17:52","modified_gmt":"2023-03-30T14:17:52","slug":"di-betta-nuovo-presidente-federazione-editori-digitali","status":"publish","type":"post","link":"https:\/\/www.messinaoggi.it\/website\/2023\/03\/30\/di-betta-nuovo-presidente-federazione-editori-digitali\/","title":{"rendered":"Di Betta nuovo presidente Federazione Editori Digitali"},"content":{"rendered":"<div>\n<p>PALRMO (ITALPRESS) \u2013 Riparte la FED, Federazione Editori Digitali nata in Sicilia proprio prima della pandemia il cui programma di attivit\u00e0 aveva subito un rallentamento proprio a causa dell\u2019evento pandemico. Tra gli obiettivi della FED, la tutela della libert\u00e0 di informazione, a mezzo web e su piattaforme digitali in generale, la tutela del diritto d\u2019autore, la battaglia per l\u2019equo compenso, sia per gli editori che per i giornalisti e la ricerca costante di soluzioni, relazioni istituzionali  e modelli manageriali capaci di garantire la sostenibilit\u00e0 di una stampa libera ed autosufficiente. <br \/>Si \u00e8 tenuta  a Palermo l\u2019Assemblea della Federazione Editori Digitali presieduta dal presidente uscente Accursio Gallo che, presentatosi dimissionario in quanto delegato a rappresentare importanti editori associati, ha proposto comunque le candidature per il rinnovo delle cariche sulla base dell\u2019esperienza maturata tra gli editori in questi anni. L\u2019assemblea della FED ha quindi nominato all\u2019unaminit\u00e0 come nuovo presidente Sebastiano Di Betta, confermati come vicepresidente l\u2019editore  Vincenzo Scarso e come tesoriere, l\u2019editore Paolo Barranco.  Il giornalista Gaetano Mineo \u00e8 stato nominato segretario dell\u2019associazione.<br \/>\u201cRingrazio gli editori della Fed per la fiducia riposta sulla mia persona, \u2013 dichiara l\u2019avvocato Accursio Gallo \u2013 ma impegni professionali uniti al ruolo di rappresentanza che alcuni editori mi hanno richiesto all\u2019interno della associazione, mi impongono di rimettere il mandato per meglio svolgere il mio ruolo a beneficio di tutti e di chi mi ha delegato in particolare. Sono sicuro \u2013 prosegue Gallo \u2013 che la nuova governance deliberata offrir\u00e0 non solo agli associati ma a tutto il comparto dell\u2019informazione regionale siciliano, nuova linfa per il raggiungimento degli obiettivi ambiziosi indicati\u201d.<br \/>\u201cIl mondo dell\u2019editoria \u00e8 cambiato radicalmente negli ultimi decenni \u2013 dichiara il neo presidente della FED, Sebastiano Di Betta -. Gli editori hanno dovuto adeguare le loro operazioni per stare al passo con il frenetico mondo digitale e proteggersi da potenziali minacce. Di conseguenza, oggi gli editori sono consapevoli che unendo le forze possono interloquire con pi\u00f9 efficacia con le istituzioni e le amministrazioni, regionali e nazionali, al fine di tutelare i loro diritti per rimanere competitivi sul mercato\u201d. <br \/>Di Betta, gi\u00e0 assessore al Territorio e all\u2019Ambiente della Regione Siciliana, \u00e8 componente del Cda del Gruppo Preatoni quotato alla borsa di Parigi nonch\u00e8 componente dei Tink Thank Italia Atlantica e Select Milano. Tra l\u2019altro, il neo presidente della FED, gi\u00e0 consigliere di amministrazione di Colliers international, secondo operatore al mondo nel real estate, \u00e8 oggi nel Cda della societ\u00e0 Compagnia immobiliare Azionaria quotata alla Borsa italiana.<div id=\"div-gpt-ad-Messinaoggi.it-DSK-300x250-corpoart\" style=\"text-align:center;margin:0 auto;\"><\/div><\/p>\n<p>\u2013 foto: ufficio Stampa Di Betta<div id=\"videoincontent\" style=\"clear:both\";><\/div><\/p>\n<p>(ITALPRESS).<\/p>\n<\/div>\n","protected":false},"excerpt":{"rendered":"<p>PALRMO (ITALPRESS) \u2013 Riparte la FED, Federazione Editori Digitali nata in Sicilia proprio prima della pandemia il cui programma di attivit\u00e0 aveva subito un rallentamento proprio a causa dell\u2019evento pandemico. Tra gli obiettivi della FED, la tutela della libert\u00e0 di informazione, a mezzo web e su piattaforme digitali in generale, la tutela del diritto d\u2019autore, [&hellip;]<\/p>\n","protected":false},"author":18,"featured_media":148834,"comment_status":"closed","ping_status":"closed","sticky":false,"template":"","format":"standard","meta":{"ub_ctt_via":"","_mi_skip_tracking":false},"categories":[2449],"tags":[783],"featured_image_src":"https:\/\/www.messinaoggi.it\/website\/wp-content\/uploads\/2023\/03\/20230330_1695.jpg","author_info":{"display_name":"Admin","author_link":"https:\/\/www.messinaoggi.it\/website\/author\/admin\/"},"digistream_id":0,"digistream":false,"_links":{"self":[{"href":"https:\/\/www.messinaoggi.it\/website\/wp-json\/wp\/v2\/posts\/148833"}],"collection":[{"href":"https:\/\/www.messinaoggi.it\/website\/wp-json\/wp\/v2\/posts"}],"about":[{"href":"https:\/\/www.messinaoggi.it\/website\/wp-json\/wp\/v2\/types\/post"}],"author":[{"embeddable":true,"href":"https:\/\/www.messinaoggi.it\/website\/wp-json\/wp\/v2\/users\/18"}],"replies":[{"embeddable":true,"href":"https:\/\/www.messinaoggi.it\/website\/wp-json\/wp\/v2\/comments?post=148833"}],"version-history":[{"count":0,"href":"https:\/\/www.messinaoggi.it\/website\/wp-json\/wp\/v2\/posts\/148833\/revisions"}],"wp:featuredmedia":[{"embeddable":true,"href":"https:\/\/www.messinaoggi.it\/website\/wp-json\/wp\/v2\/media\/148834"}],"wp:attachment":[{"href":"https:\/\/www.messinaoggi.it\/website\/wp-json\/wp\/v2\/media?parent=148833"}],"wp:term":[{"taxonomy":"category","embeddable":true,"href":"https:\/\/www.messinaoggi.it\/website\/wp-json\/wp\/v2\/categories?post=148833"},{"taxonomy":"post_tag","embeddable":true,"href":"https:\/\/www.messinaoggi.it\/website\/wp-json\/wp\/v2\/tags?post=148833"}],"curies":[{"name":"wp","href":"https:\/\/api.w.org\/{rel}","templated":true}]}}