{"id":148795,"date":"2023-03-30T12:07:57","date_gmt":"2023-03-30T10:07:57","guid":{"rendered":"http:\/\/www.messinaoggi.it\/website\/?p=148795"},"modified":"2023-03-30T12:07:57","modified_gmt":"2023-03-30T10:07:57","slug":"le-famiglie-arcobaleno-scendono-in-piazza-messina","status":"publish","type":"post","link":"https:\/\/www.messinaoggi.it\/website\/2023\/03\/30\/le-famiglie-arcobaleno-scendono-in-piazza-messina\/","title":{"rendered":"Le famiglie arcobaleno scendono in piazza Messina"},"content":{"rendered":"\n<p>Le famiglie arcobaleno scendo in piazza anche a Messina, giorno 1 aprile 2023.<div id=\"div-gpt-ad-Messinaoggi.it-DSK-300x250-corpoart\" style=\"text-align:center;margin:0 auto;\"><\/div><\/p>\n\n\n\n<p>La manifestazione segue la mobilitazione in tutta Italia, dopo la circolare prefettizia del Governo che ha di fatto interrotto le buone pratiche di sindaci e sindache che, nel vuoto normativo, hanno semplicemente trascritto all&#8217;anagrafe entrambi i genitori dei figli e delle figlie con due mamme o due pap\u00e0.<div id=\"videoincontent\" style=\"clear:both\";><\/div><\/p>\n\n\n\n<p>&#8220;E\u2019 l\u2019AMORE che crea una FAMIGLIA&#8221;- dichiara Maristella Bossa socia di Famiglie Arcobaleno &#8211; \u201claddove lo Stato vede un fantasma la Societ\u00e0 riconosce, da tempo, un amorevole genitore. \u00c8 tempo di andare avanti, \u00e8 tempo di garantire per legge il diritto dei figli e delle figlie delle famiglie omogenitoriali di essere riconosciuti alla nascita da entrambi i genitori. Auspichiamo una partecipazione corale perch\u00e9 i diritti dei fanciulli sono inviolabili e vanno tutelati e difesi con forza anche fuori dalle sedi giudiziarie.&#8221;<\/p>\n\n\n\n<p>La manifestazione si concluder\u00e0 con un Flash Mob quindi PORTATE UNA PENNA, vi chiederemo di alzarla in alto stringendola in un pugno!<\/p>\n\n\n\n<p>Hanno aderito all\u2019iniziativa organismi quali il <strong>Comitato Pari Opportunit\u00e0 <\/strong>del Consiglio Ordine Avvocati di Messina; <strong>associazioni, movimenti, comitati<\/strong>: AGEDO Reggio Calabria, ANPI Sezione Comunale Aldo Natoli, ARCI Circolo Thomas Sankara, ARCI Circolo Paradiso per tutti, ARCI Messina, ARCIGAY Messina, APS EIMI\u2019, Associazione Luca Coscioni, CeDAV Centro Donne Antiviolenza:, Centro Antiviolenza EVA LUNA, Centro Antiviolenza UNA DI NOI di Villafranca, NonUnaDiMeno, Posto Occupato, Clinica Legale e Sociale, Diritti Umani CLESDU, Comitato Donne, Vita e Libert\u00e0, Emergency, Eumans!, LELAT, Piccola Comunit\u00e0 Nuovi Orizzonti, Stretto Pride, Tenda della Pace e della Non Violenza, Tutrici e Tutori Volontari MSNA, Una famiglia per amico, Veglie per le morti in mare. <strong>Sindacati<\/strong>: CGIL e UIL, <strong>partiti e formazioni politiche<\/strong>: Cambiamo Messina dal Basso, MessinAccomuna, Partito Democratico, +Europa, Potere al Popolo, Rifondazione Comunista.<\/p>\n","protected":false},"excerpt":{"rendered":"<p>Le famiglie arcobaleno scendo in piazza anche a Messina, giorno 1 aprile 2023. La manifestazione segue la mobilitazione in tutta Italia, dopo la circolare prefettizia del Governo che ha di fatto interrotto le buone pratiche di sindaci e sindache che, nel vuoto normativo, hanno semplicemente trascritto all&#8217;anagrafe entrambi i genitori dei figli e delle figlie [&hellip;]<\/p>\n","protected":false},"author":2,"featured_media":148796,"comment_status":"open","ping_status":"open","sticky":false,"template":"","format":"standard","meta":{"ub_ctt_via":"","_mi_skip_tracking":false},"categories":[5],"tags":[7251,6911,129],"featured_image_src":"https:\/\/www.messinaoggi.it\/website\/wp-content\/uploads\/2023\/03\/Manifestazione-Messina_1-aprile-.png","author_info":{"display_name":"Redazione","author_link":"https:\/\/www.messinaoggi.it\/website\/author\/redazione\/"},"digistream_id":0,"digistream":false,"_links":{"self":[{"href":"https:\/\/www.messinaoggi.it\/website\/wp-json\/wp\/v2\/posts\/148795"}],"collection":[{"href":"https:\/\/www.messinaoggi.it\/website\/wp-json\/wp\/v2\/posts"}],"about":[{"href":"https:\/\/www.messinaoggi.it\/website\/wp-json\/wp\/v2\/types\/post"}],"author":[{"embeddable":true,"href":"https:\/\/www.messinaoggi.it\/website\/wp-json\/wp\/v2\/users\/2"}],"replies":[{"embeddable":true,"href":"https:\/\/www.messinaoggi.it\/website\/wp-json\/wp\/v2\/comments?post=148795"}],"version-history":[{"count":1,"href":"https:\/\/www.messinaoggi.it\/website\/wp-json\/wp\/v2\/posts\/148795\/revisions"}],"predecessor-version":[{"id":148797,"href":"https:\/\/www.messinaoggi.it\/website\/wp-json\/wp\/v2\/posts\/148795\/revisions\/148797"}],"wp:featuredmedia":[{"embeddable":true,"href":"https:\/\/www.messinaoggi.it\/website\/wp-json\/wp\/v2\/media\/148796"}],"wp:attachment":[{"href":"https:\/\/www.messinaoggi.it\/website\/wp-json\/wp\/v2\/media?parent=148795"}],"wp:term":[{"taxonomy":"category","embeddable":true,"href":"https:\/\/www.messinaoggi.it\/website\/wp-json\/wp\/v2\/categories?post=148795"},{"taxonomy":"post_tag","embeddable":true,"href":"https:\/\/www.messinaoggi.it\/website\/wp-json\/wp\/v2\/tags?post=148795"}],"curies":[{"name":"wp","href":"https:\/\/api.w.org\/{rel}","templated":true}]}}