{"id":148721,"date":"2023-03-29T19:07:58","date_gmt":"2023-03-29T17:07:58","guid":{"rendered":"https:\/\/www.messinaoggi.it\/website\/2023\/03\/29\/tortura-nordio-governo-non-ha-intenzione-di-abrogare-il-reato\/"},"modified":"2023-03-29T19:07:58","modified_gmt":"2023-03-29T17:07:58","slug":"tortura-nordio-governo-non-ha-intenzione-di-abrogare-il-reato","status":"publish","type":"post","link":"https:\/\/www.messinaoggi.it\/website\/2023\/03\/29\/tortura-nordio-governo-non-ha-intenzione-di-abrogare-il-reato\/","title":{"rendered":"Tortura, Nordio \u201cGoverno non ha intenzione di abrogare il reato\u201d"},"content":{"rendered":"<div>ROMA (ITALPRESS) &#8211; &#8220;Il governo non ha nessuna intenzione di abrogare il reato di tortura&#8221;. Lo ha detto il ministro della Giustizia, Carlo Nordio, nel corso del question time alla Camera.<br \/>&#8220;Vi \u00e8 soltanto un aspetto tecnico che deve essere rimodulato per una ragione semplice: il reato di tortura, cos\u00ec com&#8217;\u00e8 strutturato, ha carenze tecniche di specificit\u00e0 e tipicit\u00e0 che devono connotare la struttura della norma penale. L&#8217;impossibilit\u00e0 di modificare e la volont\u00e0 del governo di tenere fermo il reato di tortura &#8211; ha aggiunto &#8211; \u00e8 determinata da una ragion pura e da una ragion pratica: la prima \u00e8 l&#8217;ottemperanza a quanto stabilito dalle norme internazionali, la seconda \u00e8 una ragione di coerenza perch\u00e8 \u00e8 un reato particolarmente odioso e abbiamo tutte le intenzioni di mantenerlo&#8221;.<br \/>(ITALPRESS).<br \/>-foto agenziafotogramma.it-<\/div>\n<div id=\"div-gpt-ad-Messinaoggi.it-DSK-300x250-corpoart\" style=\"text-align:center;margin:0 auto;\"><\/div><\/p><div id=\"videoincontent\" style=\"clear:both\";><\/div>","protected":false},"excerpt":{"rendered":"<p>ROMA (ITALPRESS) &#8211; &#8220;Il governo non ha nessuna intenzione di abrogare il reato di tortura&#8221;. Lo ha detto il ministro della Giustizia, Carlo Nordio, nel corso del question time alla Camera.&#8220;Vi \u00e8 soltanto un aspetto tecnico che deve essere rimodulato per una ragione semplice: il reato di tortura, cos\u00ec com&#8217;\u00e8 strutturato, ha carenze tecniche di [&hellip;]<\/p>\n","protected":false},"author":18,"featured_media":148722,"comment_status":"closed","ping_status":"closed","sticky":false,"template":"","format":"standard","meta":{"ub_ctt_via":"","_mi_skip_tracking":false},"categories":[446],"tags":[783],"featured_image_src":"https:\/\/www.messinaoggi.it\/website\/wp-content\/uploads\/2023\/03\/20230329_1986.jpg","author_info":{"display_name":"Admin","author_link":"https:\/\/www.messinaoggi.it\/website\/author\/admin\/"},"digistream_id":0,"digistream":false,"_links":{"self":[{"href":"https:\/\/www.messinaoggi.it\/website\/wp-json\/wp\/v2\/posts\/148721"}],"collection":[{"href":"https:\/\/www.messinaoggi.it\/website\/wp-json\/wp\/v2\/posts"}],"about":[{"href":"https:\/\/www.messinaoggi.it\/website\/wp-json\/wp\/v2\/types\/post"}],"author":[{"embeddable":true,"href":"https:\/\/www.messinaoggi.it\/website\/wp-json\/wp\/v2\/users\/18"}],"replies":[{"embeddable":true,"href":"https:\/\/www.messinaoggi.it\/website\/wp-json\/wp\/v2\/comments?post=148721"}],"version-history":[{"count":0,"href":"https:\/\/www.messinaoggi.it\/website\/wp-json\/wp\/v2\/posts\/148721\/revisions"}],"wp:featuredmedia":[{"embeddable":true,"href":"https:\/\/www.messinaoggi.it\/website\/wp-json\/wp\/v2\/media\/148722"}],"wp:attachment":[{"href":"https:\/\/www.messinaoggi.it\/website\/wp-json\/wp\/v2\/media?parent=148721"}],"wp:term":[{"taxonomy":"category","embeddable":true,"href":"https:\/\/www.messinaoggi.it\/website\/wp-json\/wp\/v2\/categories?post=148721"},{"taxonomy":"post_tag","embeddable":true,"href":"https:\/\/www.messinaoggi.it\/website\/wp-json\/wp\/v2\/tags?post=148721"}],"curies":[{"name":"wp","href":"https:\/\/api.w.org\/{rel}","templated":true}]}}