{"id":148720,"date":"2023-03-29T19:17:14","date_gmt":"2023-03-29T17:17:14","guid":{"rendered":"http:\/\/www.messinaoggi.it\/website\/?p=148720"},"modified":"2023-03-29T19:17:16","modified_gmt":"2023-03-29T17:17:16","slug":"continuita-territoriale-incontro-al-mit-per-ridurre-disagi","status":"publish","type":"post","link":"https:\/\/www.messinaoggi.it\/website\/2023\/03\/29\/continuita-territoriale-incontro-al-mit-per-ridurre-disagi\/","title":{"rendered":"Continuit\u00e0 territoriale, incontro al Mit per ridurre disagi"},"content":{"rendered":"\n<p>Vertice questa mattina a Roma, al Mit, tra governo italiano, Blu Jet e Trenitalia per coordinare meglio i servizi tra le due sponde dello Stretto e garantire, dunque, un&#8217;effettiva continuit\u00e0 territoriale. L&#8217;incontro \u00e8 stato realizzato a seguito delle dure critiche dell&#8217;ex sindaco di Messina nonch\u00e9 leader di Sud chiama Nord, Cateno De Luca, dopo che, per via di un ritardo di pi\u00f9 di due ore di un treno in partenza da Roma, non era riuscito a prendere la coincidenza con l&#8217;aliscafo, aspettando cos\u00ec pi\u00f9 di un&#8217;ora a villa San Giovanni prima di traghettare a Messina.<div id=\"div-gpt-ad-Messinaoggi.it-DSK-300x250-corpoart\" style=\"text-align:center;margin:0 auto;\"><\/div><\/p>\n\n\n\n<p>\u201cBene e proficuo l\u2019incontro di oggi al Mit con Trenitalia e Blu Jet per accelerare nella risoluzione dei disagi dei pendolari dello Stretto di Messina. Dalla riunione, azioni concrete che prevedono, innanzitutto, un accordo tra le due societ\u00e0 che permetter\u00e0 ai cittadini di usufruire di una corsa straordinaria ad hoc effettuata da Blu Jet&#8221;, dichiara il senatore messinese Nino German\u00e0 &#8211; vicepresidente del gruppo Lega al Senato e segretario in commissione Lavori pubblici, Ambiente, Transizione ecologica, Energia &#8211; dopo aver incontrato i vertici di Trenitalia e Blu Jet.<div id=\"videoincontent\" style=\"clear:both\";><\/div><\/p>\n\n\n\n<p>&#8220;In particolare, &#8211; prosegue German\u00e0 &#8211; sar\u00e0 predisposta grazie alle avanzate sale operative quando i treni IC presenteranno ritardi consistenti e non sar\u00e0 disponibile, in un lasso di tempo congruo, una corsa gi\u00e0 programmata degli aliscafi. Una sinergia tra vettori che evidenzia il chiaro orientamento del governo e delle societ\u00e0 di trasporto a una sempre maggiore soddisfazione del cliente adottando modelli di integrazione intermodale fra i sistemi gi\u00e0 esistenti&#8221;.<\/p>\n","protected":false},"excerpt":{"rendered":"<p>Vertice questa mattina a Roma, al Mit, tra governo italiano, Blu Jet e Trenitalia per coordinare meglio i servizi tra le due sponde dello Stretto e garantire, dunque, un&#8217;effettiva continuit\u00e0 territoriale. L&#8217;incontro \u00e8 stato realizzato a seguito delle dure critiche dell&#8217;ex sindaco di Messina nonch\u00e9 leader di Sud chiama Nord, Cateno De Luca, dopo che, [&hellip;]<\/p>\n","protected":false},"author":8,"featured_media":24304,"comment_status":"open","ping_status":"open","sticky":false,"template":"","format":"standard","meta":{"ub_ctt_via":"","_mi_skip_tracking":false},"categories":[6],"tags":[902,7211,1142],"featured_image_src":"https:\/\/www.messinaoggi.it\/website\/wp-content\/uploads\/2018\/09\/Aliscafo-Bluferries-Tindari-Jet-messinaoggiMarcyRuggi.jpg","author_info":{"display_name":"red..me","author_link":"https:\/\/www.messinaoggi.it\/website\/author\/redstage\/"},"digistream_id":0,"digistream":false,"_links":{"self":[{"href":"https:\/\/www.messinaoggi.it\/website\/wp-json\/wp\/v2\/posts\/148720"}],"collection":[{"href":"https:\/\/www.messinaoggi.it\/website\/wp-json\/wp\/v2\/posts"}],"about":[{"href":"https:\/\/www.messinaoggi.it\/website\/wp-json\/wp\/v2\/types\/post"}],"author":[{"embeddable":true,"href":"https:\/\/www.messinaoggi.it\/website\/wp-json\/wp\/v2\/users\/8"}],"replies":[{"embeddable":true,"href":"https:\/\/www.messinaoggi.it\/website\/wp-json\/wp\/v2\/comments?post=148720"}],"version-history":[{"count":1,"href":"https:\/\/www.messinaoggi.it\/website\/wp-json\/wp\/v2\/posts\/148720\/revisions"}],"predecessor-version":[{"id":148727,"href":"https:\/\/www.messinaoggi.it\/website\/wp-json\/wp\/v2\/posts\/148720\/revisions\/148727"}],"wp:featuredmedia":[{"embeddable":true,"href":"https:\/\/www.messinaoggi.it\/website\/wp-json\/wp\/v2\/media\/24304"}],"wp:attachment":[{"href":"https:\/\/www.messinaoggi.it\/website\/wp-json\/wp\/v2\/media?parent=148720"}],"wp:term":[{"taxonomy":"category","embeddable":true,"href":"https:\/\/www.messinaoggi.it\/website\/wp-json\/wp\/v2\/categories?post=148720"},{"taxonomy":"post_tag","embeddable":true,"href":"https:\/\/www.messinaoggi.it\/website\/wp-json\/wp\/v2\/tags?post=148720"}],"curies":[{"name":"wp","href":"https:\/\/api.w.org\/{rel}","templated":true}]}}