{"id":14872,"date":"2018-01-27T12:59:03","date_gmt":"2018-01-27T11:59:03","guid":{"rendered":"http:\/\/www.messinaoggi.it\/website\/?p=14872"},"modified":"2018-01-27T12:59:03","modified_gmt":"2018-01-27T11:59:03","slug":"verso-le-politiche-nel-pd-e-monopolio-renziano-spazio-a-navarra-e-picciolo","status":"publish","type":"post","link":"https:\/\/www.messinaoggi.it\/website\/2018\/01\/27\/verso-le-politiche-nel-pd-e-monopolio-renziano-spazio-a-navarra-e-picciolo\/","title":{"rendered":"Verso le Politiche, nel Pd \u00e8 monopolio renziano: spazio a Navarra e Picciolo"},"content":{"rendered":"<p style=\"text-align: justify;\">Il tour de force \u00e8 servito a far quadrare i nomi, questo fine settimana si limeranno gli ultimi dettagli, ma il pi\u00f9 sembra ormai fatto. La direzione nazionale del Partito Democratico ha discusso per tutta la notte, sul tavolo le candidature alla Camera e al senato in vista del prossimo 4 marzo. Il tempo \u00e8 poco \u00e8 tanto allo stesso tempo, le prossime saranno caldissime, perch\u00e9 dai nomi dei candidati si denota una vero e proprio monopolio imposto da Matteo Renzi all\u2019interno delle liste, un repulisti netto e senza repliche capace di far diventare carta straccia anche gli accordi dei mesi scorsi. Partiamo, per\u00f2, dai superstiti.<div id=\"div-gpt-ad-Messinaoggi.it-DSK-300x250-corpoart\" style=\"text-align:center;margin:0 auto;\"><\/div><\/p>\n<div id=\"attachment_8310\" style=\"width: 310px\" class=\"wp-caption alignright\"><img aria-describedby=\"caption-attachment-8310\" loading=\"lazy\" class=\"wp-image-8310 size-medium\" src=\"http:\/\/www.messinaoggi.it\/website\/wp-content\/uploads\/2017\/09\/picciolo-RRP_7623-300x200.jpg\" alt=\"\" width=\"300\" height=\"200\" \/><p id=\"caption-attachment-8310\" class=\"wp-caption-text\">Peppe Picciolo<\/p><\/div>\n<p style=\"text-align: justify;\">A Messina, il capolista nel collegio proporzionale alla Camera sar\u00e0 il Rettore, Pietro Navarra, desideroso di mettere la ciliegina sulla torta dopo l\u2019elezione del suo braccio destro Franco De Domenico all\u2019Ars, ha messo le mani sul partito cittadino. L\u2019elezione del Magnifico a Roma rappresenterebbe la chiusura ideale del cerchio. La vicinanza a Renzi ha rappresentato l\u2019ancora di salvezza per Beppe Picciolo, che dovrebbe occupare il secondo posto del collegio plurinominale della Sicilia Orientale. Di fatto il Pd non avr\u00e0 altro volto se non quello renziano, a cui andrebbero\u00a0 i meriti o i demeriti di un eventuale exploit \u00a0o di una sconfitta.<div id=\"videoincontent\" style=\"clear:both\";><\/div><\/p>\n<p style=\"text-align: justify;\">Ma in molti vedono in queste manovre le prove generali di un Governo di \u201clarghissime\u201d intese sull\u2019asse Pd-Forza Italia. Scompaiono dalla mappa geografica del partito l\u2019area Emiliano e\u00a0 quella Orlando e con loro anche nomi pesanti del partito a livello regionale. Il primo \u00e8 sicuramente l\u2019ex Governatore Rosario Crocetta, che dopo aver urlato al mondo la propria volont\u00e0 di voler ritentare la corsa verso Palazzo d\u2019Orleans, fece un passo indietro a favore di Fabrizio Micari, ma soprattutto strappando a Renzi la promessa di un posto al Senato.<\/p>\n<p style=\"text-align: justify;\">Promessa disattesa. Con Crocetta svanisce anche il Senatore \u00a0Beppe Lumia, al momento fuori dai giochi, cos\u00ec come il presidente del Parco dei Nebrodi Peppe Antoci, in odore di candidatura da almeno un anno, odore clamorosamente svanito. Altro big che rischia di restare fuori dai giochi \u00e8 Gianpiero D\u2019Alia, ma i conti si faranno luned\u00ec, a bocce ferme quando di cerini nelle mani ce ne saranno davvero tanti.<\/p>\n","protected":false},"excerpt":{"rendered":"<p>Il tour de force \u00e8 servito a far quadrare i nomi, questo fine settimana si limeranno gli ultimi dettagli, ma il pi\u00f9 sembra ormai fatto. La direzione nazionale del Partito Democratico ha discusso per tutta la notte, sul tavolo le candidature alla Camera e al senato in vista del prossimo 4 marzo. Il tempo \u00e8 [&hellip;]<\/p>\n","protected":false},"author":1,"featured_media":3296,"comment_status":"closed","ping_status":"open","sticky":false,"template":"","format":"standard","meta":{"ub_ctt_via":"","_mi_skip_tracking":false},"categories":[6],"tags":[],"featured_image_src":"https:\/\/www.messinaoggi.it\/website\/wp-content\/uploads\/2017\/06\/navarra-pietro-1-2.jpg","author_info":{"display_name":"admin@admin.com","author_link":"https:\/\/www.messinaoggi.it\/website\/author\/adminadmin-com\/"},"digistream_id":0,"digistream":false,"_links":{"self":[{"href":"https:\/\/www.messinaoggi.it\/website\/wp-json\/wp\/v2\/posts\/14872"}],"collection":[{"href":"https:\/\/www.messinaoggi.it\/website\/wp-json\/wp\/v2\/posts"}],"about":[{"href":"https:\/\/www.messinaoggi.it\/website\/wp-json\/wp\/v2\/types\/post"}],"author":[{"embeddable":true,"href":"https:\/\/www.messinaoggi.it\/website\/wp-json\/wp\/v2\/users\/1"}],"replies":[{"embeddable":true,"href":"https:\/\/www.messinaoggi.it\/website\/wp-json\/wp\/v2\/comments?post=14872"}],"version-history":[{"count":0,"href":"https:\/\/www.messinaoggi.it\/website\/wp-json\/wp\/v2\/posts\/14872\/revisions"}],"wp:featuredmedia":[{"embeddable":true,"href":"https:\/\/www.messinaoggi.it\/website\/wp-json\/wp\/v2\/media\/3296"}],"wp:attachment":[{"href":"https:\/\/www.messinaoggi.it\/website\/wp-json\/wp\/v2\/media?parent=14872"}],"wp:term":[{"taxonomy":"category","embeddable":true,"href":"https:\/\/www.messinaoggi.it\/website\/wp-json\/wp\/v2\/categories?post=14872"},{"taxonomy":"post_tag","embeddable":true,"href":"https:\/\/www.messinaoggi.it\/website\/wp-json\/wp\/v2\/tags?post=14872"}],"curies":[{"name":"wp","href":"https:\/\/api.w.org\/{rel}","templated":true}]}}