{"id":148670,"date":"2023-03-29T16:15:32","date_gmt":"2023-03-29T14:15:32","guid":{"rendered":"http:\/\/www.messinaoggi.it\/website\/?p=148670"},"modified":"2023-03-29T16:15:33","modified_gmt":"2023-03-29T14:15:33","slug":"giornata-mondiale-della-visibilita-trans-un-evento-al-fellini","status":"publish","type":"post","link":"https:\/\/www.messinaoggi.it\/website\/2023\/03\/29\/giornata-mondiale-della-visibilita-trans-un-evento-al-fellini\/","title":{"rendered":"Giornata Mondiale della visibilit\u00e0 trans, un evento al Fellini"},"content":{"rendered":"\n<p>Il 31 Marzo prossimo si svolger\u00e0 l&#8217;evento dedicato alla Giornata Mondiale della visibilit\u00e0 trans organizzato a Messina da Arcigay &#8220;Makwan&#8221; al Salotto Fellini.<div id=\"div-gpt-ad-Messinaoggi.it-DSK-300x250-corpoart\" style=\"text-align:center;margin:0 auto;\"><\/div><\/p>\n\n\n\n<p>&#8220;La giornata internazionale della Visibilit\u00e0 Trans \u00e8 in arrivo il 31 Marzo ma ogni giorno le comunit\u00e0 transgender e non binarie lottano con orgoglio per rendersi visibili e per dare voce alle proprie istanze. Vogliamo tutto quello ci spetta e che altrove in Europa \u00e8 gi\u00e0 riconosciuto.<div id=\"videoincontent\" style=\"clear:both\";><\/div><\/p>\n\n\n\n<p>Vogliamo una legge avanzata che riconosca i nostri percorsi di autodeterminazione di genere al di l\u00e0 di lunghi e costosi iter nei tribunali.<br>Ci vogliamo liber3 dalle diagnosi e dalla patologizzazione.<\/p>\n\n\n\n<figure class=\"wp-block-image size-large\"><img loading=\"lazy\" width=\"819\" height=\"1024\" src=\"http:\/\/www.messinaoggi.it\/website\/wp-content\/uploads\/2023\/03\/Giornata-mondiale-visibilita-trans-819x1024.jpeg\" alt=\"\" class=\"wp-image-148677\" srcset=\"https:\/\/www.messinaoggi.it\/website\/wp-content\/uploads\/2023\/03\/Giornata-mondiale-visibilita-trans-819x1024.jpeg 819w, https:\/\/www.messinaoggi.it\/website\/wp-content\/uploads\/2023\/03\/Giornata-mondiale-visibilita-trans-240x300.jpeg 240w, https:\/\/www.messinaoggi.it\/website\/wp-content\/uploads\/2023\/03\/Giornata-mondiale-visibilita-trans-768x960.jpeg 768w, https:\/\/www.messinaoggi.it\/website\/wp-content\/uploads\/2023\/03\/Giornata-mondiale-visibilita-trans-1229x1536.jpeg 1229w, https:\/\/www.messinaoggi.it\/website\/wp-content\/uploads\/2023\/03\/Giornata-mondiale-visibilita-trans.jpeg 1280w\" sizes=\"(max-width: 819px) 100vw, 819px\" \/><\/figure>\n\n\n\n<p>Rivendichiamo la depsichiatrizzazione della nostra esperienza transgenere, il riconoscimento delle nostre famiglie omotransgenitoriali, l\u2019approccio affermativo delle persone in et\u00e0 evolutiva con varianza di genere.<\/p>\n\n\n\n<p>Abbiamo diritto ad esistere alla pari in qualsiasi contesto, ad esistere nel mondo dello sport, del lavoro, dei servizi relativi alla salute e tramite una medicina di genere capace di contemplare la pluralit\u00e0 dei nostri corpi oltre soli due modelli proposti.<\/p>\n\n\n\n<p>In Italia essere una persona trans non \u00e8 cosa facile ma ci rendiamo visibili insieme, con orgoglio, da sempre, per portare avanti le nostre lotte. Ora pi\u00f9 che mai #nonTnascondere e insieme dobbiamo far sentire la nostra voce!&#8221;<\/p>\n\n\n\n<p>Cos\u00ec spiega il Presidente di Arcigay &#8220;Makwan&#8221; Messina <strong>Rosario Duca, <\/strong>che introdurr\u00e0 l&#8217;evento. A moderare l&#8217;evento la giornalista <strong>Gisella Cicci\u00f2.<\/strong> <\/p>\n","protected":false},"excerpt":{"rendered":"<p>Il 31 Marzo prossimo si svolger\u00e0 l&#8217;evento dedicato alla Giornata Mondiale della visibilit\u00e0 trans organizzato a Messina da Arcigay &#8220;Makwan&#8221; al Salotto Fellini. &#8220;La giornata internazionale della Visibilit\u00e0 Trans \u00e8 in arrivo il 31 Marzo ma ogni giorno le comunit\u00e0 transgender e non binarie lottano con orgoglio per rendersi visibili e per dare voce alle [&hellip;]<\/p>\n","protected":false},"author":123457,"featured_media":148677,"comment_status":"open","ping_status":"open","sticky":false,"template":"","format":"standard","meta":{"ub_ctt_via":"","_mi_skip_tracking":false},"categories":[5],"tags":[4681,7243],"featured_image_src":"https:\/\/www.messinaoggi.it\/website\/wp-content\/uploads\/2023\/03\/Giornata-mondiale-visibilita-trans.jpeg","author_info":{"display_name":"Michele Bruno","author_link":"https:\/\/www.messinaoggi.it\/website\/author\/michele-bruno\/"},"digistream_id":0,"digistream":false,"_links":{"self":[{"href":"https:\/\/www.messinaoggi.it\/website\/wp-json\/wp\/v2\/posts\/148670"}],"collection":[{"href":"https:\/\/www.messinaoggi.it\/website\/wp-json\/wp\/v2\/posts"}],"about":[{"href":"https:\/\/www.messinaoggi.it\/website\/wp-json\/wp\/v2\/types\/post"}],"author":[{"embeddable":true,"href":"https:\/\/www.messinaoggi.it\/website\/wp-json\/wp\/v2\/users\/123457"}],"replies":[{"embeddable":true,"href":"https:\/\/www.messinaoggi.it\/website\/wp-json\/wp\/v2\/comments?post=148670"}],"version-history":[{"count":1,"href":"https:\/\/www.messinaoggi.it\/website\/wp-json\/wp\/v2\/posts\/148670\/revisions"}],"predecessor-version":[{"id":148678,"href":"https:\/\/www.messinaoggi.it\/website\/wp-json\/wp\/v2\/posts\/148670\/revisions\/148678"}],"wp:featuredmedia":[{"embeddable":true,"href":"https:\/\/www.messinaoggi.it\/website\/wp-json\/wp\/v2\/media\/148677"}],"wp:attachment":[{"href":"https:\/\/www.messinaoggi.it\/website\/wp-json\/wp\/v2\/media?parent=148670"}],"wp:term":[{"taxonomy":"category","embeddable":true,"href":"https:\/\/www.messinaoggi.it\/website\/wp-json\/wp\/v2\/categories?post=148670"},{"taxonomy":"post_tag","embeddable":true,"href":"https:\/\/www.messinaoggi.it\/website\/wp-json\/wp\/v2\/tags?post=148670"}],"curies":[{"name":"wp","href":"https:\/\/api.w.org\/{rel}","templated":true}]}}