{"id":148663,"date":"2023-03-29T15:07:55","date_gmt":"2023-03-29T13:07:55","guid":{"rendered":"https:\/\/www.messinaoggi.it\/website\/2023\/03\/29\/pnrr-mattarella-supporto-a-pmi-per-coesione-sociale-e-dignita-umana\/"},"modified":"2023-03-29T15:07:55","modified_gmt":"2023-03-29T13:07:55","slug":"pnrr-mattarella-supporto-a-pmi-per-coesione-sociale-e-dignita-umana","status":"publish","type":"post","link":"https:\/\/www.messinaoggi.it\/website\/2023\/03\/29\/pnrr-mattarella-supporto-a-pmi-per-coesione-sociale-e-dignita-umana\/","title":{"rendered":"Pnrr, Mattarella \u201cSupporto a pmi per coesione sociale e dignit\u00e0 umana\u201d"},"content":{"rendered":"<div>ROMA (ITALPRESS) &#8211; &#8220;Desidero unirmi alle celebrazioni del 75\u00b0 anniversario della Confederazione Italiana della Piccola e Media Industria Privata. Si tratta di un comparto che caratterizza la struttura produttiva italiana connotato da una costante apertura a tecniche innovative, in rapporto virtuoso con i territori di insediamento e fortemente orientato alla internazionalizzazione, con significativi benefici per le generazioni presenti e future&#8221;.   Cos\u00ec il presidente della Repubblica, Sergio Mattarella, in un messaggio inviato in occasione della celebrazione del 75esimo anniversario di Confapi. <br \/>&#8220;La flessibilit\u00e0 del tessuto delle piccole e medie imprese pu\u00f2 trovare efficace supporto nei recenti strumenti di programmazione e riforma offerti nell&#8217;ambito della attuazione del PNRR &#8211; aggiunge Mattarella -, con l&#8217;opportunit\u00e0 di perseguire una iniziativa economica che contribuisca alla coesione sociale, in armonia con la salute, l&#8217;ambiente, la sicurezza, la libert\u00e0 e la dignit\u00e0 umana, cos\u00ec come sancito dall&#8217;articolo 41 della Costituzione&#8221;.<div id=\"div-gpt-ad-Messinaoggi.it-DSK-300x250-corpoart\" style=\"text-align:center;margin:0 auto;\"><\/div><\/p>\n<p>&#8211; foto ufficio stampa Quirinale &#8211;<div id=\"videoincontent\" style=\"clear:both\";><\/div><\/p>\n<p>(ITALPRESS).<\/p><\/div>\n","protected":false},"excerpt":{"rendered":"<p>ROMA (ITALPRESS) &#8211; &#8220;Desidero unirmi alle celebrazioni del 75\u00b0 anniversario della Confederazione Italiana della Piccola e Media Industria Privata. Si tratta di un comparto che caratterizza la struttura produttiva italiana connotato da una costante apertura a tecniche innovative, in rapporto virtuoso con i territori di insediamento e fortemente orientato alla internazionalizzazione, con significativi benefici per [&hellip;]<\/p>\n","protected":false},"author":18,"featured_media":148664,"comment_status":"closed","ping_status":"closed","sticky":false,"template":"","format":"standard","meta":{"ub_ctt_via":"","_mi_skip_tracking":false},"categories":[446],"tags":[783],"featured_image_src":"https:\/\/www.messinaoggi.it\/website\/wp-content\/uploads\/2023\/03\/20230329_0819.jpg","author_info":{"display_name":"Admin","author_link":"https:\/\/www.messinaoggi.it\/website\/author\/admin\/"},"digistream_id":0,"digistream":false,"_links":{"self":[{"href":"https:\/\/www.messinaoggi.it\/website\/wp-json\/wp\/v2\/posts\/148663"}],"collection":[{"href":"https:\/\/www.messinaoggi.it\/website\/wp-json\/wp\/v2\/posts"}],"about":[{"href":"https:\/\/www.messinaoggi.it\/website\/wp-json\/wp\/v2\/types\/post"}],"author":[{"embeddable":true,"href":"https:\/\/www.messinaoggi.it\/website\/wp-json\/wp\/v2\/users\/18"}],"replies":[{"embeddable":true,"href":"https:\/\/www.messinaoggi.it\/website\/wp-json\/wp\/v2\/comments?post=148663"}],"version-history":[{"count":0,"href":"https:\/\/www.messinaoggi.it\/website\/wp-json\/wp\/v2\/posts\/148663\/revisions"}],"wp:featuredmedia":[{"embeddable":true,"href":"https:\/\/www.messinaoggi.it\/website\/wp-json\/wp\/v2\/media\/148664"}],"wp:attachment":[{"href":"https:\/\/www.messinaoggi.it\/website\/wp-json\/wp\/v2\/media?parent=148663"}],"wp:term":[{"taxonomy":"category","embeddable":true,"href":"https:\/\/www.messinaoggi.it\/website\/wp-json\/wp\/v2\/categories?post=148663"},{"taxonomy":"post_tag","embeddable":true,"href":"https:\/\/www.messinaoggi.it\/website\/wp-json\/wp\/v2\/tags?post=148663"}],"curies":[{"name":"wp","href":"https:\/\/api.w.org\/{rel}","templated":true}]}}