{"id":148659,"date":"2023-03-29T15:07:51","date_gmt":"2023-03-29T13:07:51","guid":{"rendered":"https:\/\/www.messinaoggi.it\/website\/2023\/03\/29\/gianni-mina-in-campidoglio-lultimo-saluto-al-giornalista\/"},"modified":"2023-03-29T15:07:51","modified_gmt":"2023-03-29T13:07:51","slug":"gianni-mina-in-campidoglio-lultimo-saluto-al-giornalista","status":"publish","type":"post","link":"https:\/\/www.messinaoggi.it\/website\/2023\/03\/29\/gianni-mina-in-campidoglio-lultimo-saluto-al-giornalista\/","title":{"rendered":"Gianni Min\u00e0, in Campidoglio l\u2019ultimo saluto al giornalista"},"content":{"rendered":"<div>ROMA (ITALPRESS) &#8211; La maglia del Torino calcio, citt\u00e0 natale di Gianni Min\u00e0 e corone di fiori per l&#8217;ultimo saluto a Gianni Min\u00e0.<br \/>Si \u00e8 tenuta oggi a Roma la camera ardente, alla quale domani seguir\u00e0 un funerale in forma privata. In Campidoglio ad accogliere il feretro insieme ai familiari c&#8217;erano il sindaco di Roma Roberto Gualtieri, i giornalisti Sigfrido Ranucci e Andrea Purgatori, oltre a Franco Carraro e Don Luigi Ciotti.<br \/>&#8220;E&#8217; stato un giornalista e autore televisivo straordinario &#8211; ha detto il primo cittadino &#8211; autore di pagine memorabili di giornalismo. Una personalit\u00e0 riconosciuta in tutto il mondo. Penso tra i pi\u00f9 grandi giornalisti che l&#8217;Italia abbia avuto, che ha saputo interpretare la sua professione in un modo decoroso, impegnato. E&#8217; stato protagonista e testimone di pagine fondamentali del &#8216;900, ed \u00e8 stato impegnato anche in battaglie per i diritti, la libert\u00e0&#8221;.<br \/>In rappresentanza del Comune di Roma ha presenziato anche l&#8217;Assessore ai Grandi Eventi, Sport, Turismo e Moda Alessandro Onorato. &#8220;Perdiamo, non soltanto un grande giornalista, ma una persona perbene, garbata &#8211; afferma &#8211;  che ha insegnato a fare il giornalismo senza cercare sensazionalismi raccontando le cose cos\u00ec com&#8217;erano. Ha scelto Roma come citt\u00e0 adottiva. Con il Sindaco studieremo il modo pi\u00f9 appropriato per renderlo davvero eterno. E&#8217; una persona che ha legato la sua storia a tanti personaggi e anche a tanti di sport. A settembre riapriremo il Palazzetto dello Sport di Viale Tiziano, una grande fatica, ed \u00e8 stato uno dei luoghi simbolo delle Olimpiadi del &#8217;60. Quindi credo che possa essere un luogo dove immaginare delle iniziative per ricordarlo&#8221;. <br \/>Durante la mattinata sono arrivati, fra gli altri, per l&#8217;ultimo saluto a Min\u00e0, Ricky Tognazzi, Walter Veltroni, Milly Carlucci e Alba Parietti.<br \/>Milly Carlucci ricorda: &#8220;Gianni \u00e8 stato un pezzo importantissimo della mia vita perch\u00e8 con lui ho avuto un&#8217;importantissima esperienza professionale che \u00e8 stata quella di Blitz e Il Sistemone, ma prima ancora L&#8217;altra domenica. Era un uomo straordinario per cultura, per umanit\u00e0, per empatia. Le cose che lui ci ha regalato e che adesso fanno parte delle teche sono tutte delle dichiarazioni d&#8217;amore al suo mestiere, perch\u00e8 lui si definiva cronista, di quelli che andavano in giro a consumarsi le scarpe. Ed era vero&#8221;.<br \/>Ricky Tognazzi ha evidenziato &#8220;il suo grande entusiasmo verso le cose che faceva. E poi la grande naturalezza con cui raccontava aneddoti straordinari&#8221;. <br \/>-foto xl5-<br \/>(ITALPRESS).<\/div>\n<div id=\"div-gpt-ad-Messinaoggi.it-DSK-300x250-corpoart\" style=\"text-align:center;margin:0 auto;\"><\/div><\/p><div id=\"videoincontent\" style=\"clear:both\";><\/div>","protected":false},"excerpt":{"rendered":"<p>ROMA (ITALPRESS) &#8211; La maglia del Torino calcio, citt\u00e0 natale di Gianni Min\u00e0 e corone di fiori per l&#8217;ultimo saluto a Gianni Min\u00e0.Si \u00e8 tenuta oggi a Roma la camera ardente, alla quale domani seguir\u00e0 un funerale in forma privata. In Campidoglio ad accogliere il feretro insieme ai familiari c&#8217;erano il sindaco di Roma Roberto [&hellip;]<\/p>\n","protected":false},"author":18,"featured_media":148660,"comment_status":"closed","ping_status":"closed","sticky":false,"template":"","format":"standard","meta":{"ub_ctt_via":"","_mi_skip_tracking":false},"categories":[446],"tags":[783],"featured_image_src":"https:\/\/www.messinaoggi.it\/website\/wp-content\/uploads\/2023\/03\/20230329_0729.jpg","author_info":{"display_name":"Admin","author_link":"https:\/\/www.messinaoggi.it\/website\/author\/admin\/"},"digistream_id":0,"digistream":false,"_links":{"self":[{"href":"https:\/\/www.messinaoggi.it\/website\/wp-json\/wp\/v2\/posts\/148659"}],"collection":[{"href":"https:\/\/www.messinaoggi.it\/website\/wp-json\/wp\/v2\/posts"}],"about":[{"href":"https:\/\/www.messinaoggi.it\/website\/wp-json\/wp\/v2\/types\/post"}],"author":[{"embeddable":true,"href":"https:\/\/www.messinaoggi.it\/website\/wp-json\/wp\/v2\/users\/18"}],"replies":[{"embeddable":true,"href":"https:\/\/www.messinaoggi.it\/website\/wp-json\/wp\/v2\/comments?post=148659"}],"version-history":[{"count":0,"href":"https:\/\/www.messinaoggi.it\/website\/wp-json\/wp\/v2\/posts\/148659\/revisions"}],"wp:featuredmedia":[{"embeddable":true,"href":"https:\/\/www.messinaoggi.it\/website\/wp-json\/wp\/v2\/media\/148660"}],"wp:attachment":[{"href":"https:\/\/www.messinaoggi.it\/website\/wp-json\/wp\/v2\/media?parent=148659"}],"wp:term":[{"taxonomy":"category","embeddable":true,"href":"https:\/\/www.messinaoggi.it\/website\/wp-json\/wp\/v2\/categories?post=148659"},{"taxonomy":"post_tag","embeddable":true,"href":"https:\/\/www.messinaoggi.it\/website\/wp-json\/wp\/v2\/tags?post=148659"}],"curies":[{"name":"wp","href":"https:\/\/api.w.org\/{rel}","templated":true}]}}