{"id":148617,"date":"2023-03-29T12:45:06","date_gmt":"2023-03-29T10:45:06","guid":{"rendered":"http:\/\/www.messinaoggi.it\/website\/?p=148617"},"modified":"2023-03-29T12:45:07","modified_gmt":"2023-03-29T10:45:07","slug":"bevi-responsabilmente-progetto-di-fipe-e-anm","status":"publish","type":"post","link":"https:\/\/www.messinaoggi.it\/website\/2023\/03\/29\/bevi-responsabilmente-progetto-di-fipe-e-anm\/","title":{"rendered":"\u201cBevi responsabilmente\u201d, progetto di Fipe e Anm"},"content":{"rendered":"\n<p>Approda a Messina \u201cBevi responsabilmente\u201d, il progetto nato nel 2021 dall\u2019intesa tra FIPE-Confcommercio, la Federazione italiana Pubblici Esercizi, e l\u2019Associazione Nazionale Magistrati, per diffondere la cultura del divertimento sano e responsabile. L\u2019evento di presentazione si terr\u00e0 luned\u00ec 3 aprile a partire dalle14.30 nel Salone delle Bandiere di Palazzo Zanca e vedr\u00e0 il coinvolgimento di Alessandro Liprino, sostituto procuratore presso la Procura della Repubblica di Messina, \u00a0Francesco Rebuffat dell\u2019Area Legale, Legislativa e Tributaria Fipe nazionale, di S.E. il Prefetto Cosima Di Stani, dell\u2019assessore al Commercio del Comune di Messina, Massimo Finocchiaro e della Senatrice Dafne Musolino, Commissione Industria, commercio, turismo del Senato. Previste le testimonianze degli imprenditori Danny Anna, del No\u00e0, e di Claudio Patania, del Club Barman dello Stretto. Tra gli interventi quello di Laura Tringali rappresentante RENAJA, della psicologa Rosangela Fabio e di Maria Palella, Direttore dell\u2019Ufficio per il Servizio Sociale\u00a0 per i Minorenni. Ad aprire l\u2019evento, dopo il saluto del Direttore di Confcommercio Messina Gianluca Speranza, il presidente di Fipe Confcommercio Carmelo Picciotto. Modera l\u2019editore Adolfo De Angeli. \u00a0 Presente la responsabile Fipe Messina Stefania Rizzo.<div id=\"div-gpt-ad-Messinaoggi.it-DSK-300x250-corpoart\" style=\"text-align:center;margin:0 auto;\"><\/div><\/p>\n<div id=\"videoincontent\" style=\"clear:both\";><\/div>","protected":false},"excerpt":{"rendered":"<p>Approda a Messina \u201cBevi responsabilmente\u201d, il progetto nato nel 2021 dall\u2019intesa tra FIPE-Confcommercio, la Federazione italiana Pubblici Esercizi, e l\u2019Associazione Nazionale Magistrati, per diffondere la cultura del divertimento sano e responsabile. L\u2019evento di presentazione si terr\u00e0 luned\u00ec 3 aprile a partire dalle14.30 nel Salone delle Bandiere di Palazzo Zanca e vedr\u00e0 il coinvolgimento di Alessandro [&hellip;]<\/p>\n","protected":false},"author":4,"featured_media":48131,"comment_status":"open","ping_status":"open","sticky":false,"template":"","format":"standard","meta":{"ub_ctt_via":"","_mi_skip_tracking":false},"categories":[5],"tags":[2093,1475],"featured_image_src":"https:\/\/www.messinaoggi.it\/website\/wp-content\/uploads\/2020\/10\/movida-duomo.jpg","author_info":{"display_name":"redme","author_link":"https:\/\/www.messinaoggi.it\/website\/author\/redme\/"},"digistream_id":0,"digistream":false,"_links":{"self":[{"href":"https:\/\/www.messinaoggi.it\/website\/wp-json\/wp\/v2\/posts\/148617"}],"collection":[{"href":"https:\/\/www.messinaoggi.it\/website\/wp-json\/wp\/v2\/posts"}],"about":[{"href":"https:\/\/www.messinaoggi.it\/website\/wp-json\/wp\/v2\/types\/post"}],"author":[{"embeddable":true,"href":"https:\/\/www.messinaoggi.it\/website\/wp-json\/wp\/v2\/users\/4"}],"replies":[{"embeddable":true,"href":"https:\/\/www.messinaoggi.it\/website\/wp-json\/wp\/v2\/comments?post=148617"}],"version-history":[{"count":1,"href":"https:\/\/www.messinaoggi.it\/website\/wp-json\/wp\/v2\/posts\/148617\/revisions"}],"predecessor-version":[{"id":148618,"href":"https:\/\/www.messinaoggi.it\/website\/wp-json\/wp\/v2\/posts\/148617\/revisions\/148618"}],"wp:featuredmedia":[{"embeddable":true,"href":"https:\/\/www.messinaoggi.it\/website\/wp-json\/wp\/v2\/media\/48131"}],"wp:attachment":[{"href":"https:\/\/www.messinaoggi.it\/website\/wp-json\/wp\/v2\/media?parent=148617"}],"wp:term":[{"taxonomy":"category","embeddable":true,"href":"https:\/\/www.messinaoggi.it\/website\/wp-json\/wp\/v2\/categories?post=148617"},{"taxonomy":"post_tag","embeddable":true,"href":"https:\/\/www.messinaoggi.it\/website\/wp-json\/wp\/v2\/tags?post=148617"}],"curies":[{"name":"wp","href":"https:\/\/api.w.org\/{rel}","templated":true}]}}