{"id":148604,"date":"2023-03-29T12:07:53","date_gmt":"2023-03-29T10:07:53","guid":{"rendered":"https:\/\/www.messinaoggi.it\/website\/2023\/03\/29\/cucina-italiana-candidata-unesco-consegnato-il-dossier-a-parigi\/"},"modified":"2023-03-29T12:07:53","modified_gmt":"2023-03-29T10:07:53","slug":"cucina-italiana-candidata-unesco-consegnato-il-dossier-a-parigi","status":"publish","type":"post","link":"https:\/\/www.messinaoggi.it\/website\/2023\/03\/29\/cucina-italiana-candidata-unesco-consegnato-il-dossier-a-parigi\/","title":{"rendered":"Cucina italiana candidata Unesco, consegnato il dossier a Parigi"},"content":{"rendered":"<div>ROMA (ITALPRESS) &#8211; A Parigi l&#8217;ambasciatore italiano presso l&#8217;UNESCO Liborio Stellino ha consegnato a Tim Curtis, responsabile UNESCO per la Lista del Patrimonio Immateriale dell&#8217;Umanit\u00e0, il dossier di candidatura della cucina italiana.<br \/>La candidatura \u00e8 stata lanciata nei giorni scorsi dal ministero dell&#8217;Agricoltura, della sovranit\u00e0 alimentare e delle foreste, rappresentato da Francesco Lollobrigida, e dal ministero della cultura, rappresentato da Gennaro Sangiuliano.<br \/>&#8220;La cucina italiana non \u00e8 solo cibo o un semplice ricettario ma un insieme di pratiche sociali, abitudini e gestualit\u00e0 che portano a considerare la preparazione e il consumo del pasto come momento di condivisione e incontro. E&#8217; il rito collettivo di un popolo che concepisce il cibo come elemento culturale identitario &#8211; spiegano i due ministeri -. In Italia cucinare \u00e8 un modo di prendersi cura della famiglia e degli amici (quando lo si fa in casa) o degli avventori (quando lo si fa al ristorante). E&#8217; un mosaico di tanti saperi locali, un&#8217;espressione di creativit\u00e0 e conoscenza che si fa tradizione e si trasmette tra generazioni. E&#8217; anche una forma di tutela della biodiversit\u00e0, basata sul non sprecare nulla, sul riutilizzo del cibo avanzato e sui prodotti stagionali dei vari territori&#8221;.<br \/>&#8220;La cucina italiana fa parte della nostra storia ed \u00e8 un patrimonio per 60 milioni di italiani che vivono nel Paese, per 80 milioni di italiani e loro discendenti che vivono al di fuori del Paese e per tanti stranieri che amano e si ispirano allo stile di vita italiano &#8211; sottolineano Masaf e Mic -. A promuovere la candidatura &#8220;La cucina italiana tra sostenibilit\u00e0 e diversit\u00e0 bioculturale&#8221;, supportata dal Comitato scientifico preseduto dal professor Massimo Montanari e approvata dal Consiglio Direttivo della Commissione Nazionale Italiana Unesco, sono tre comunit\u00e0: l&#8217;Accademia italiana della Cucina, Istituzione culturale della Repubblica, fondata nel 1953 da Orio Vergani, che vanta oltre 80 sedi all&#8217;estero, 220 in Italia e pi\u00f9 di 7.500 accademici associati; la Fondazione Casa Artusi, fondata nel 2007 con il fine di promuovere &#8220;la cucina di casa italiana&#8221; come declinata da Pellegrino Artusi sin dalla seconda met\u00e0 dell&#8217;Ottocento;<br \/>La Cucina Italiana, fondata nel 1929, la pi\u00f9 antica rivista gastronomica al mondo ancora in edicola&#8221;.<br \/>Tra le varie comunit\u00e0 sostenitrici della candidatura, Slow Food, ALMA (Scuola Internazionale di Cucina Italiana), ANCI (Associazione Nazionale Comuni Italiani) e UNPLI (Unione nazionale Pro Loco d&#8217;Italia).<div id=\"div-gpt-ad-Messinaoggi.it-DSK-300x250-corpoart\" style=\"text-align:center;margin:0 auto;\"><\/div><\/p>\n<p>&#8211; foto ufficio stampa Ministero della Cultura &#8211;<div id=\"videoincontent\" style=\"clear:both\";><\/div><\/p>\n<p>(ITALPRESS).<\/p><\/div>\n","protected":false},"excerpt":{"rendered":"<p>ROMA (ITALPRESS) &#8211; A Parigi l&#8217;ambasciatore italiano presso l&#8217;UNESCO Liborio Stellino ha consegnato a Tim Curtis, responsabile UNESCO per la Lista del Patrimonio Immateriale dell&#8217;Umanit\u00e0, il dossier di candidatura della cucina italiana.La candidatura \u00e8 stata lanciata nei giorni scorsi dal ministero dell&#8217;Agricoltura, della sovranit\u00e0 alimentare e delle foreste, rappresentato da Francesco Lollobrigida, e dal ministero [&hellip;]<\/p>\n","protected":false},"author":18,"featured_media":148605,"comment_status":"closed","ping_status":"closed","sticky":false,"template":"","format":"standard","meta":{"ub_ctt_via":"","_mi_skip_tracking":false},"categories":[446],"tags":[783],"featured_image_src":"https:\/\/www.messinaoggi.it\/website\/wp-content\/uploads\/2023\/03\/20230329_0368.jpg","author_info":{"display_name":"Admin","author_link":"https:\/\/www.messinaoggi.it\/website\/author\/admin\/"},"digistream_id":0,"digistream":false,"_links":{"self":[{"href":"https:\/\/www.messinaoggi.it\/website\/wp-json\/wp\/v2\/posts\/148604"}],"collection":[{"href":"https:\/\/www.messinaoggi.it\/website\/wp-json\/wp\/v2\/posts"}],"about":[{"href":"https:\/\/www.messinaoggi.it\/website\/wp-json\/wp\/v2\/types\/post"}],"author":[{"embeddable":true,"href":"https:\/\/www.messinaoggi.it\/website\/wp-json\/wp\/v2\/users\/18"}],"replies":[{"embeddable":true,"href":"https:\/\/www.messinaoggi.it\/website\/wp-json\/wp\/v2\/comments?post=148604"}],"version-history":[{"count":0,"href":"https:\/\/www.messinaoggi.it\/website\/wp-json\/wp\/v2\/posts\/148604\/revisions"}],"wp:featuredmedia":[{"embeddable":true,"href":"https:\/\/www.messinaoggi.it\/website\/wp-json\/wp\/v2\/media\/148605"}],"wp:attachment":[{"href":"https:\/\/www.messinaoggi.it\/website\/wp-json\/wp\/v2\/media?parent=148604"}],"wp:term":[{"taxonomy":"category","embeddable":true,"href":"https:\/\/www.messinaoggi.it\/website\/wp-json\/wp\/v2\/categories?post=148604"},{"taxonomy":"post_tag","embeddable":true,"href":"https:\/\/www.messinaoggi.it\/website\/wp-json\/wp\/v2\/tags?post=148604"}],"curies":[{"name":"wp","href":"https:\/\/api.w.org\/{rel}","templated":true}]}}