{"id":148587,"date":"2023-03-29T11:07:52","date_gmt":"2023-03-29T09:07:52","guid":{"rendered":"https:\/\/www.messinaoggi.it\/website\/2023\/03\/29\/pnrr-pichetto-non-ce-allarme-ma-serve-massima-attenzione\/"},"modified":"2023-03-29T12:06:48","modified_gmt":"2023-03-29T10:06:48","slug":"pnrr-pichetto-non-ce-allarme-ma-serve-massima-attenzione","status":"publish","type":"post","link":"https:\/\/www.messinaoggi.it\/website\/2023\/03\/29\/pnrr-pichetto-non-ce-allarme-ma-serve-massima-attenzione\/","title":{"rendered":"Pnrr, Pichetto \u201cNon c\u2019\u00e8 allarme ma serve massima attenzione\u201d"},"content":{"rendered":"<div>ROMA (ITALPRESS) &#8211; &#8220;Non c&#8217;\u00e8 allarme sul Pnrr, c&#8217;\u00e8 necessit\u00e0 di massima attenzione&#8221;. Lo ha detto il ministro dell&#8217;Ambiente, Gilberto Pichetto Fratin, a margine del &#8220;Forum per la intermodalit\u00e0 sostenibile&#8221;, a Roma.<br \/>&#8220;Va sempre monitorata la tempistica dell&#8217;interventi e la loro attualit\u00e0 degli interventi&#8221;, ha aggiunto, sottolineando che quando il Pnrr \u00e8 nato &#8220;sembra l&#8217;altro secolo, considerando cosa \u00e8 successo dopo la pandemia&#8221;.<div id=\"div-gpt-ad-Messinaoggi.it-DSK-300x250-corpoart\" style=\"text-align:center;margin:0 auto;\"><\/div><\/p>\n<p>&#8211; foto Agenziafotogramma.it &#8211;<div id=\"videoincontent\" style=\"clear:both\";><\/div><\/p>\n<p>(ITALPRESS).<\/p><\/div>\n","protected":false},"excerpt":{"rendered":"<p>ROMA (ITALPRESS) &#8211; &#8220;Non c&#8217;\u00e8 allarme sul Pnrr, c&#8217;\u00e8 necessit\u00e0 di massima attenzione&#8221;. Lo ha detto il ministro dell&#8217;Ambiente, Gilberto Pichetto Fratin, a margine del &#8220;Forum per la intermodalit\u00e0 sostenibile&#8221;, a Roma.&#8220;Va sempre monitorata la tempistica dell&#8217;interventi e la loro attualit\u00e0 degli interventi&#8221;, ha aggiunto, sottolineando che quando il Pnrr \u00e8 nato &#8220;sembra l&#8217;altro secolo, [&hellip;]<\/p>\n","protected":false},"author":18,"featured_media":148588,"comment_status":"closed","ping_status":"closed","sticky":false,"template":"","format":"standard","meta":{"ub_ctt_via":"","_mi_skip_tracking":false},"categories":[446,4],"tags":[783],"featured_image_src":"https:\/\/www.messinaoggi.it\/website\/wp-content\/uploads\/2023\/03\/20230329_0218.jpg","author_info":{"display_name":"Admin","author_link":"https:\/\/www.messinaoggi.it\/website\/author\/admin\/"},"digistream_id":0,"digistream":false,"_links":{"self":[{"href":"https:\/\/www.messinaoggi.it\/website\/wp-json\/wp\/v2\/posts\/148587"}],"collection":[{"href":"https:\/\/www.messinaoggi.it\/website\/wp-json\/wp\/v2\/posts"}],"about":[{"href":"https:\/\/www.messinaoggi.it\/website\/wp-json\/wp\/v2\/types\/post"}],"author":[{"embeddable":true,"href":"https:\/\/www.messinaoggi.it\/website\/wp-json\/wp\/v2\/users\/18"}],"replies":[{"embeddable":true,"href":"https:\/\/www.messinaoggi.it\/website\/wp-json\/wp\/v2\/comments?post=148587"}],"version-history":[{"count":1,"href":"https:\/\/www.messinaoggi.it\/website\/wp-json\/wp\/v2\/posts\/148587\/revisions"}],"predecessor-version":[{"id":148603,"href":"https:\/\/www.messinaoggi.it\/website\/wp-json\/wp\/v2\/posts\/148587\/revisions\/148603"}],"wp:featuredmedia":[{"embeddable":true,"href":"https:\/\/www.messinaoggi.it\/website\/wp-json\/wp\/v2\/media\/148588"}],"wp:attachment":[{"href":"https:\/\/www.messinaoggi.it\/website\/wp-json\/wp\/v2\/media?parent=148587"}],"wp:term":[{"taxonomy":"category","embeddable":true,"href":"https:\/\/www.messinaoggi.it\/website\/wp-json\/wp\/v2\/categories?post=148587"},{"taxonomy":"post_tag","embeddable":true,"href":"https:\/\/www.messinaoggi.it\/website\/wp-json\/wp\/v2\/tags?post=148587"}],"curies":[{"name":"wp","href":"https:\/\/api.w.org\/{rel}","templated":true}]}}