{"id":14858,"date":"2018-01-27T11:47:56","date_gmt":"2018-01-27T10:47:56","guid":{"rendered":"http:\/\/www.messinaoggi.it\/website\/?p=14858"},"modified":"2018-01-27T11:47:56","modified_gmt":"2018-01-27T10:47:56","slug":"rincari-telefonici-inopportuni-confconsumatori-si-rivolge-allantitrust-lavv-cali-comportamento-scorretto","status":"publish","type":"post","link":"https:\/\/www.messinaoggi.it\/website\/2018\/01\/27\/rincari-telefonici-inopportuni-confconsumatori-si-rivolge-allantitrust-lavv-cali-comportamento-scorretto\/","title":{"rendered":"Rincari telefonici inopportuni, Confconsumatori si rivolge all&#039;Antitrust. L&#039;avv. Cal\u00ec: &#039;Comportamento scorretto&#039;"},"content":{"rendered":"<p class=\"ox-bf3d4ce3c7-western\" align=\"justify\"><span style=\"font-family: Verdana, sans-serif;\"><span style=\"font-size: small;\">Molti utenti si stanno rivolgendo agli sportelli di Confconsumatori lamentando gli aumenti annunciati dal proprio operatore telefonico coincidenti con il ritorno alla fatturazione mensile. I<\/span><\/span><span style=\"font-family: Verdana, sans-serif;\"><span style=\"font-size: small;\">n adempimento a quanto previsto dalla legge n\u00b0 172\/2017 che ha imposto di abbandonare la fatturazione a 4 settimane per telefonia e Pay tv, gli operatori di telecomunicazioni dovranno ristabilire la pregressa tariffazione a ciclo mensile sia per la telefonia fissa sia per quella mobile entro il prossimo 5 aprile. Quest&#8217;ulteriore rimodulazione contrattuale sta arrecando agli utenti dei rincari in termini economici, gi\u00e0 accertati almeno per le compagnie\u00a0<\/span><\/span><span style=\"font-family: Verdana, sans-serif;\"><span style=\"font-size: small;\">Vodafone e Tim, che nel comunicare ai clienti il\u00a0<\/span><\/span><span style=\"font-family: Verdana, sans-serif;\"><span style=\"font-size: small;\">ritorno alla fatturazione mensile delle offerte commerciali<\/span><\/span><span style=\"font-family: Verdana, sans-serif;\"><span style=\"font-size: small;\">\u00a0hanno contestualmente annunciato dei rincari sulla tariffa<\/span><\/span><span style=\"font-family: Verdana, sans-serif;\"><span style=\"font-size: small;\">. &#8220;<\/span><\/span><span style=\"font-family: Verdana, sans-serif;\"><span style=\"font-size: small;\"><i>In sostanza<\/i><\/span><\/span><span style=\"font-family: Verdana, sans-serif;\"><span style=\"font-size: small;\">\u00a0\u2013 spiega l\u2019avv.\u00a0<\/span><\/span><span style=\"font-family: Verdana, sans-serif;\"><span style=\"font-size: small;\">Carmelo Cal\u00ec,<\/span><\/span><span style=\"font-family: Verdana, sans-serif;\"><span style=\"font-size: small;\">\u00a0presidente di Confconsumatori Sicilia \u2013\u00a0<\/span><\/span><span style=\"font-family: Verdana, sans-serif;\"><span style=\"font-size: small;\"><i>la tredicesima mensilit\u00e0 che le compagnie erano riuscite a inserire, sar\u00e0 spalmata nelle 12 fatture. Non \u00e8 ancora chiaro se altri operatori, ad esempio Wind, applicheranno tariffe maggiorate&#8221;.<\/i><\/span><\/span><div id=\"div-gpt-ad-Messinaoggi.it-DSK-300x250-corpoart\" style=\"text-align:center;margin:0 auto;\"><\/div><\/p>\n<p class=\"ox-bf3d4ce3c7-western\" align=\"justify\"><span style=\"font-family: Verdana, sans-serif;\"><span style=\"font-size: small;\">Confconsumatori ritiene gravemente scorretto il comportamento delle compagnie di telecomunicazioni: &#8220;<\/span><\/span><span style=\"font-family: Verdana, sans-serif;\"><span style=\"font-size: small;\"><i>Abbiamo gi\u00e0 segnalato all\u2019Antitrust<\/i><\/span><\/span><span style=\"font-family: Verdana, sans-serif;\"><span style=\"font-size: small;\">\u00a0\u2013 continua Cal\u00ec \u2013\u00a0<\/span><\/span><span style=\"font-family: Verdana, sans-serif;\"><span style=\"font-size: small;\"><i>le modifiche unilaterali dei contratti e i costi aggiuntivi applicati che, a nostro avviso, non sono dovuti e risultano inopportuni specie considerata la coincidenza con l\u2019adeguamento alle disposizioni di legge.<\/i><\/span><\/span><span style=\"font-family: Verdana, sans-serif;\"><span style=\"font-size: small;\"><i>\u00a0Per gli associati che si sono rivolti ai nostri sportelli abbiamo predisposto un\u00a0<\/i><\/span><\/span><span style=\"font-family: Verdana, sans-serif;\"><span style=\"font-size: small;\"><i>modello di reclamo<\/i><\/span><\/span><span style=\"font-family: Verdana, sans-serif;\"><span style=\"font-size: small;\"><i>, da utilizzare per manifestare il proprio scontento alla Compagnia.<\/i><\/span><\/span><div id=\"videoincontent\" style=\"clear:both\";><\/div><\/p>\n<p class=\"ox-bf3d4ce3c7-western\" align=\"justify\"><span style=\"font-family: Verdana, sans-serif;\"><span style=\"font-size: small;\"><i>Peraltro esiste un concreto rischio che gli operatori decidano di &#8216;fare cartello&#8217; a seguito del ritorno alla fatturazione mensile<\/i><\/span><\/span><span style=\"font-family: Verdana, sans-serif;\"><span style=\"font-size: small;\">. E&#8217;\u00a0<\/span><\/span><span style=\"font-family: Verdana, sans-serif;\"><span style=\"font-size: small;\">presto per pensare ad eventuali rimborsi, d<\/span><\/span><span style=\"font-family: Verdana, sans-serif;\"><span style=\"font-size: small;\"><i>obbiamo attendere l\u2019esito del ricorso al Tar<\/i><\/span><\/span><span style=\"font-family: Verdana, sans-serif;\"><span style=\"font-size: small;\">\u00a0\u2013 conclude Cal\u00ec \u2013\u00a0<\/span><\/span><span style=\"font-family: Verdana, sans-serif;\"><span style=\"font-size: small;\"><i>al momento consigliamo di reagire inviando massivamente reclami alle compagnie e segnalazioni all\u2019Antitrust, anche tramite un\u2019associazione di consumatori, in modo da stimolare l\u2019intervento dell\u2019Autorit\u00e0&#8221;<\/i><\/span><\/span><span style=\"font-family: Verdana, sans-serif;\"><span style=\"font-size: small;\">.<\/span><\/span><\/p>\n<p class=\"ox-bf3d4ce3c7-western\" align=\"justify\"><span style=\"font-family: Verdana, sans-serif;\"><span style=\"font-size: small;\">Sar\u00e0 possibile ricevere\u00a0<\/span><\/span><span style=\"font-family: Verdana, sans-serif;\"><span style=\"font-size: small;\"><u>consulenza ed assistenza telefonica al n. 340-7289212 e on line, via e-mail<\/u><\/span><\/span><span style=\"font-family: Verdana, sans-serif;\"><span style=\"font-size: small;\">, ai seguenti indirizzi di posta elettronica:\u00a0<\/span><\/span><u><\/u><\/p>\n<p class=\"ox-bf3d4ce3c7-western\" align=\"justify\"><span style=\"color: #0000ff;\"><u><a class=\"mailto-link\" href=\"mailto:reclami.confconsct@hotmail.com\" target=\"_blank\" rel=\"noopener noreferrer\"><span style=\"font-family: Verdana, sans-serif;\"><span style=\"font-size: small;\">reclami.confconsct@hotmail.com<\/span><\/span><\/a><\/u><\/span><\/p>\n<p class=\"ox-bf3d4ce3c7-western\" align=\"justify\"><span style=\"color: #0000ff;\"><u><a class=\"mailto-link\" href=\"mailto:confconsumatorigiarre@hotmail.it\" target=\"_blank\" rel=\"noopener noreferrer\"><span style=\"font-family: Verdana, sans-serif;\"><span style=\"font-size: small;\">confconsumatorigiarre@hotmail.it<\/span><\/span><\/a><\/u><\/span><\/p>\n<p class=\"ox-bf3d4ce3c7-western\" align=\"justify\"><span style=\"color: #0000ff;\"><u><a class=\"mailto-link\" href=\"mailto:confconsumatoriacicastello@gmail.com\" target=\"_blank\" rel=\"noopener noreferrer\"><span style=\"font-family: Verdana, sans-serif;\"><span style=\"font-size: small;\">confconsumatoriacicastello@gmail.com<\/span><\/span><\/a><\/u><\/span><\/p>\n","protected":false},"excerpt":{"rendered":"<p>Molti utenti si stanno rivolgendo agli sportelli di Confconsumatori lamentando gli aumenti annunciati dal proprio operatore telefonico coincidenti con il ritorno alla fatturazione mensile. In adempimento a quanto previsto dalla legge n\u00b0 172\/2017 che ha imposto di abbandonare la fatturazione a 4 settimane per telefonia e Pay tv, gli operatori di telecomunicazioni dovranno ristabilire la [&hellip;]<\/p>\n","protected":false},"author":2,"featured_media":12726,"comment_status":"closed","ping_status":"open","sticky":false,"template":"","format":"standard","meta":{"ub_ctt_via":"","_mi_skip_tracking":false},"categories":[11],"tags":[],"featured_image_src":"https:\/\/www.messinaoggi.it\/website\/wp-content\/uploads\/2017\/12\/carmelo-cali-sin-confconsumatori.jpg","author_info":{"display_name":"Redazione","author_link":"https:\/\/www.messinaoggi.it\/website\/author\/redazione\/"},"digistream_id":0,"digistream":false,"_links":{"self":[{"href":"https:\/\/www.messinaoggi.it\/website\/wp-json\/wp\/v2\/posts\/14858"}],"collection":[{"href":"https:\/\/www.messinaoggi.it\/website\/wp-json\/wp\/v2\/posts"}],"about":[{"href":"https:\/\/www.messinaoggi.it\/website\/wp-json\/wp\/v2\/types\/post"}],"author":[{"embeddable":true,"href":"https:\/\/www.messinaoggi.it\/website\/wp-json\/wp\/v2\/users\/2"}],"replies":[{"embeddable":true,"href":"https:\/\/www.messinaoggi.it\/website\/wp-json\/wp\/v2\/comments?post=14858"}],"version-history":[{"count":0,"href":"https:\/\/www.messinaoggi.it\/website\/wp-json\/wp\/v2\/posts\/14858\/revisions"}],"wp:featuredmedia":[{"embeddable":true,"href":"https:\/\/www.messinaoggi.it\/website\/wp-json\/wp\/v2\/media\/12726"}],"wp:attachment":[{"href":"https:\/\/www.messinaoggi.it\/website\/wp-json\/wp\/v2\/media?parent=14858"}],"wp:term":[{"taxonomy":"category","embeddable":true,"href":"https:\/\/www.messinaoggi.it\/website\/wp-json\/wp\/v2\/categories?post=14858"},{"taxonomy":"post_tag","embeddable":true,"href":"https:\/\/www.messinaoggi.it\/website\/wp-json\/wp\/v2\/tags?post=14858"}],"curies":[{"name":"wp","href":"https:\/\/api.w.org\/{rel}","templated":true}]}}