{"id":148570,"date":"2023-03-29T09:34:33","date_gmt":"2023-03-29T07:34:33","guid":{"rendered":"http:\/\/www.messinaoggi.it\/website\/?p=148570"},"modified":"2023-03-29T09:34:34","modified_gmt":"2023-03-29T07:34:34","slug":"cgil-scuole-e-universita-siciliane-agli-ultimi-posti","status":"publish","type":"post","link":"https:\/\/www.messinaoggi.it\/website\/2023\/03\/29\/cgil-scuole-e-universita-siciliane-agli-ultimi-posti\/","title":{"rendered":"Cgil: &#8220;Scuole e universit\u00e0 siciliane agli ultimi posti&#8221;"},"content":{"rendered":"\n<p>\u201cLa scuola e le universit\u00e0 statali siciliane sono agli ultimi posti su tutti i fronti. Una situazione sconfortante, che si trascina da decenni, rispetto alla quale tutti i governi che si sono succeduti hanno gravi responsabilit\u00e0\u201d. Lo dice il segretario della Flc Cgil Sicilia, Adriano Rizza, commentando l\u2019ultima istantanea scattata dal Censis sulla qualit\u00e0 delle universit\u00e0 italiane, che vede Palermo al 7\u00b0 posto tra i 10 mega atenei statali (quelli con oltre 40.000 iscritti) e Catania e Messina agli ultimi posti tra i grandi atenei statali (da 20.000 a 40.000 iscritti), rispettivamente alla 18\u00b0 e alla 19\u00b0 posizione.<div id=\"div-gpt-ad-Messinaoggi.it-DSK-300x250-corpoart\" style=\"text-align:center;margin:0 auto;\"><\/div><\/p>\n\n\n\n<p>\u201cL\u2019Isola \u2013 aggiunge \u2013 continua ad essere in fondo alle classifiche come tempo pieno. Infatti, solo il 7% degli studenti siciliani usufruisce di questo importante servizio, mentre, ad esempio, in Lombardia questo numero sale ad oltre il 50%\u201d.<div id=\"videoincontent\" style=\"clear:both\";><\/div><\/p>\n\n\n\n<p>\u201cLa Sicilia \u2013 continua Rizza \u2013 \u00e8 invece ai primi posti delle classifiche negative. Possiede un patrimonio edilizio scolastico tra i pi\u00f9 vetusti e inadeguati d\u2019Italia e un indice di dispersione scolastica oltre il 21%, con punte del 25% in alcuni territori, rispetto ad una media nazionale del 12,7%\u201d.<\/p>\n\n\n\n<p>\u201cA fronte di tutto questo \u2013 si chiede il segretario regionale della Flc Cgil \u2013 il governo Meloni cosa fa? Accorpa le scuole di piccole dimensioni, riducendo il numero dei dirigenti e del personale ata e aumentando il loro carico di lavoro. Allo stesso tempo sta portando avanti una riforma scellerata, quella sull\u2019autonomia differenziata, che consente alle regioni pi\u00f9 ricche di trattenere il gettito fiscale per finanziare servizi essenziali come la scuola o la sanit\u00e0 e abbandonando quelle pi\u00f9 povere al loro destino\u201d.\u201cQuesta politica \u2013 conclude Rizza \u2013 \u00e8 inaccettabile. Continueremo a batterci in ogni sede perch\u00e9 la politica si renda conto che la scuola non \u00e8 un costo inutile ma un investimento da fare per il futuro delle nuove generazioni e per la crescita del nostro Paese\u201d.<\/p>\n","protected":false},"excerpt":{"rendered":"<p>\u201cLa scuola e le universit\u00e0 statali siciliane sono agli ultimi posti su tutti i fronti. Una situazione sconfortante, che si trascina da decenni, rispetto alla quale tutti i governi che si sono succeduti hanno gravi responsabilit\u00e0\u201d. Lo dice il segretario della Flc Cgil Sicilia, Adriano Rizza, commentando l\u2019ultima istantanea scattata dal Censis sulla qualit\u00e0 delle [&hellip;]<\/p>\n","protected":false},"author":2,"featured_media":148571,"comment_status":"open","ping_status":"open","sticky":false,"template":"","format":"standard","meta":{"ub_ctt_via":"","_mi_skip_tracking":false},"categories":[11],"tags":[967,1145,53],"featured_image_src":"https:\/\/www.messinaoggi.it\/website\/wp-content\/uploads\/2023\/03\/Adriano-Rizza-segretario-Flc-Cgil-Sicilia-2-e1680075262516.jpg","author_info":{"display_name":"Redazione","author_link":"https:\/\/www.messinaoggi.it\/website\/author\/redazione\/"},"digistream_id":0,"digistream":false,"_links":{"self":[{"href":"https:\/\/www.messinaoggi.it\/website\/wp-json\/wp\/v2\/posts\/148570"}],"collection":[{"href":"https:\/\/www.messinaoggi.it\/website\/wp-json\/wp\/v2\/posts"}],"about":[{"href":"https:\/\/www.messinaoggi.it\/website\/wp-json\/wp\/v2\/types\/post"}],"author":[{"embeddable":true,"href":"https:\/\/www.messinaoggi.it\/website\/wp-json\/wp\/v2\/users\/2"}],"replies":[{"embeddable":true,"href":"https:\/\/www.messinaoggi.it\/website\/wp-json\/wp\/v2\/comments?post=148570"}],"version-history":[{"count":1,"href":"https:\/\/www.messinaoggi.it\/website\/wp-json\/wp\/v2\/posts\/148570\/revisions"}],"predecessor-version":[{"id":148572,"href":"https:\/\/www.messinaoggi.it\/website\/wp-json\/wp\/v2\/posts\/148570\/revisions\/148572"}],"wp:featuredmedia":[{"embeddable":true,"href":"https:\/\/www.messinaoggi.it\/website\/wp-json\/wp\/v2\/media\/148571"}],"wp:attachment":[{"href":"https:\/\/www.messinaoggi.it\/website\/wp-json\/wp\/v2\/media?parent=148570"}],"wp:term":[{"taxonomy":"category","embeddable":true,"href":"https:\/\/www.messinaoggi.it\/website\/wp-json\/wp\/v2\/categories?post=148570"},{"taxonomy":"post_tag","embeddable":true,"href":"https:\/\/www.messinaoggi.it\/website\/wp-json\/wp\/v2\/tags?post=148570"}],"curies":[{"name":"wp","href":"https:\/\/api.w.org\/{rel}","templated":true}]}}