{"id":148567,"date":"2023-03-29T09:29:55","date_gmt":"2023-03-29T07:29:55","guid":{"rendered":"http:\/\/www.messinaoggi.it\/website\/?p=148567"},"modified":"2023-03-29T12:37:51","modified_gmt":"2023-03-29T10:37:51","slug":"crocierismo-svolta-per-il-centro-commerciale","status":"publish","type":"post","link":"https:\/\/www.messinaoggi.it\/website\/2023\/03\/29\/crocierismo-svolta-per-il-centro-commerciale\/","title":{"rendered":"Crocierismo, svolta per il centro commerciale"},"content":{"rendered":"\n<p>Convogliare i flussi turistici nel centro commerciale della citt\u00e0. E&#8217; questo l&#8217;obiettivo dell&#8217;amministrazione comunale che, su sollecitazione dell&#8217;assessore al commercio, Massimo Finocchiaro, sta varando un piano che consentir\u00e0 ai negozianti di piazza Cairoli e viale San Martino di poter respirare.<div id=\"div-gpt-ad-Messinaoggi.it-DSK-300x250-corpoart\" style=\"text-align:center;margin:0 auto;\"><\/div><\/p>\n\n\n\n<p>La stagione crocieristica ormai \u00e8 alle porte (scatta ufficialmente il 1. aprile), ed a Palazzo Zanca l&#8217;assessore alla viabilit\u00e0 e vice sindaco Salvatore Mondello, d&#8217;intesa con il sindaco Federico Basile, sta predisponendo i provvedimenti che prevedono come primo obiettivo l&#8217;istituzione di una fermata dei bus turistici e dei trenini, a piazza Cairoli. Si sta individuando la zona che possa consentire ai turisti di potere raggiungere il centro commerciale della citt\u00e0 con estrema facilit\u00e0.<div id=\"videoincontent\" style=\"clear:both\";><\/div><\/p>\n\n\n\n<figure class=\"wp-block-image size-large\"><img loading=\"lazy\" width=\"888\" height=\"683\" src=\"http:\/\/www.messinaoggi.it\/website\/wp-content\/uploads\/2023\/03\/unnamed-e1677658084634.jpg\" alt=\"\" class=\"wp-image-144254\" srcset=\"https:\/\/www.messinaoggi.it\/website\/wp-content\/uploads\/2023\/03\/unnamed-e1677658084634.jpg 888w, https:\/\/www.messinaoggi.it\/website\/wp-content\/uploads\/2023\/03\/unnamed-e1677658084634-300x231.jpg 300w, https:\/\/www.messinaoggi.it\/website\/wp-content\/uploads\/2023\/03\/unnamed-e1677658084634-768x591.jpg 768w\" sizes=\"(max-width: 888px) 100vw, 888px\" \/><figcaption><strong>L&#8217;assessore al commercio Massimo Finocchiaro al centro<\/strong><\/figcaption><\/figure>\n\n\n\n<p>&#8220;<em>Abbiamo a cuore le sorti del commercio cittadino &#8211; afferma Massimo Finocchiaro, assessore al commercio &#8211; e non potevamo che raccogliere l&#8217;appello di alcune associazioni di categoria che sollecitavano l&#8217;apertura di un vero e proprio flusso turistico in centro citt\u00e0. Ok i percorsi turistici per le zone di interesse storico-architettonico di cui si \u00e8 occupato il collega Caruso, ma era indispensabile pensare anche al commercio. I flussi si riverseranno sull&#8217;isola pedonale di viale San Martino<\/em>&#8220;.<\/p>\n\n\n\n<p>Le notizie che giungono da Palazzo Zanca hanno fatto tirare un sospiro di sollievo ai commercianti, i quali erano allarmati perch\u00e8 l&#8217;assessore Caruso originariamente pare avesse escluso le fermate di bus e trenini nel centro commerciale. Nulla di tutto questo, anzi in cantiere c&#8217;\u00e8 anche l&#8217;istituzione di un bus navetta dell&#8217;Atm che faccia la spola fra il terminal delle navi e piazza Cairoli.<\/p>\n\n\n\n<p><strong>L&#8217;intervento dell&#8217;assessore Caruso<\/strong><\/p>\n\n\n\n<p>Sull&#8217;argomento chiarisce l&#8217;assessore al turismo, Enzo Caruso. &#8220;<em>Per me i commercianti sono la vita della citt\u00e0, non vorrei essere stato frainteso da qualche operatore, ma ho solo detto che il piano precedente non prevedeva la fermata a Cairoli. Adesso ci stiamo lavorando perch\u00e9 il commercio \u00e8 importantissimo per la nostra citt\u00e0<\/em>&#8220;.<\/p>\n","protected":false},"excerpt":{"rendered":"<p>Convogliare i flussi turistici nel centro commerciale della citt\u00e0. E&#8217; questo l&#8217;obiettivo dell&#8217;amministrazione comunale che, su sollecitazione dell&#8217;assessore al commercio, Massimo Finocchiaro, sta varando un piano che consentir\u00e0 ai negozianti di piazza Cairoli e viale San Martino di poter respirare. La stagione crocieristica ormai \u00e8 alle porte (scatta ufficialmente il 1. aprile), ed a Palazzo [&hellip;]<\/p>\n","protected":false},"author":2,"featured_media":21833,"comment_status":"open","ping_status":"open","sticky":false,"template":"","format":"standard","meta":{"ub_ctt_via":"","_mi_skip_tracking":false},"categories":[19],"tags":[6859,6860,5161,129,2406,79],"featured_image_src":"https:\/\/www.messinaoggi.it\/website\/wp-content\/uploads\/2018\/07\/porto-di-messina-navi-crociera-1.jpg","author_info":{"display_name":"Redazione","author_link":"https:\/\/www.messinaoggi.it\/website\/author\/redazione\/"},"digistream_id":0,"digistream":false,"_links":{"self":[{"href":"https:\/\/www.messinaoggi.it\/website\/wp-json\/wp\/v2\/posts\/148567"}],"collection":[{"href":"https:\/\/www.messinaoggi.it\/website\/wp-json\/wp\/v2\/posts"}],"about":[{"href":"https:\/\/www.messinaoggi.it\/website\/wp-json\/wp\/v2\/types\/post"}],"author":[{"embeddable":true,"href":"https:\/\/www.messinaoggi.it\/website\/wp-json\/wp\/v2\/users\/2"}],"replies":[{"embeddable":true,"href":"https:\/\/www.messinaoggi.it\/website\/wp-json\/wp\/v2\/comments?post=148567"}],"version-history":[{"count":3,"href":"https:\/\/www.messinaoggi.it\/website\/wp-json\/wp\/v2\/posts\/148567\/revisions"}],"predecessor-version":[{"id":148614,"href":"https:\/\/www.messinaoggi.it\/website\/wp-json\/wp\/v2\/posts\/148567\/revisions\/148614"}],"wp:featuredmedia":[{"embeddable":true,"href":"https:\/\/www.messinaoggi.it\/website\/wp-json\/wp\/v2\/media\/21833"}],"wp:attachment":[{"href":"https:\/\/www.messinaoggi.it\/website\/wp-json\/wp\/v2\/media?parent=148567"}],"wp:term":[{"taxonomy":"category","embeddable":true,"href":"https:\/\/www.messinaoggi.it\/website\/wp-json\/wp\/v2\/categories?post=148567"},{"taxonomy":"post_tag","embeddable":true,"href":"https:\/\/www.messinaoggi.it\/website\/wp-json\/wp\/v2\/tags?post=148567"}],"curies":[{"name":"wp","href":"https:\/\/api.w.org\/{rel}","templated":true}]}}