{"id":148552,"date":"2023-03-28T21:07:51","date_gmt":"2023-03-28T19:07:51","guid":{"rendered":"https:\/\/www.messinaoggi.it\/website\/2023\/03\/28\/mattarella-lavoro-e-istruzione-decisivi-contro-le-mafie\/"},"modified":"2023-03-28T21:07:51","modified_gmt":"2023-03-28T19:07:51","slug":"mattarella-lavoro-e-istruzione-decisivi-contro-le-mafie","status":"publish","type":"post","link":"https:\/\/www.messinaoggi.it\/website\/2023\/03\/28\/mattarella-lavoro-e-istruzione-decisivi-contro-le-mafie\/","title":{"rendered":"Mattarella \u201cLavoro e istruzione decisivi contro le mafie\u201d"},"content":{"rendered":"<div>ROMA (ITALPRESS) &#8211; Il presidente della Repubblica, Sergio Mattarella, ha ricevuto al Quirinale una delegazione dell&#8217;Associazione Libera contro le mafie, guidata dal presidente don Luigi Ciotti e composta dai presidenti di alcune Associazioni nazionali aderenti a Libera. Il capo dello Stato ha espresso riconoscenza a questa realt\u00e0. &#8220;Vi ringrazio per quello che in questi 28 anni avete fatto, facendo realizzare una coscienza sempre pi\u00f9 ampia contro il fenomeno mafioso &#8211; ha spiegato -. Toccate temi e settori decisivi: quello della cultura, dell&#8217;istruzione, e quello della certezza di prospettive di crescita personale, di lavoro, due strumenti di lotta alla mafia particolarmente decisivi. Una societ\u00e0 forte che resiste ai condizionamenti, alle lusinghe della corruzione, alle tentazione, \u00e8 possibile se c&#8217;\u00e8 un lavoro diffuso, robusto, da cui nessuno sia escluso&#8221;.<br \/>Per combattere il fenomeno mafioso occorre continuare a &#8220;formare coscienze, sollecitare a una condizione sociale che dia forza ai cittadini, io lo vedo nella mia citt\u00e0, nella mia regione, quanto \u00e8 cresciuta la consapevolezza, soprattutto tra i giovani. L&#8217;ho visto giorni fa a Casal di Principe, mi ha colpito l&#8217;incontro con gli studenti. Nel volto dei giovani si vedeva il coinvolgimento, l&#8217;orgoglio di essere da una parte risultato e da una parte protagonisti di un&#8217;azione di riscatto che ha liberato quel territorio dalla condizione in cui si trovava, si deve avere fiducia nei giovani&#8221;.<br \/>Per don Luigi Ciotti &#8220;c&#8217;\u00e8 bisogno di fatti di concretezza, il nostro \u00e8 un impegno soprattutto sulla dimensione culturale, educativa e sociale, per noi il punto di riferimento resta la Costituzione italiana come etica del cittadino, la responsabilit\u00e0 per noi \u00e8 la spina dorsale della democrazia, l&#8217;educazione e l&#8217;istruzione sono educatrici di vita, la violenza pi\u00f9 difficile da combattere \u00e8 la violenza culturale, l&#8217;omert\u00e0, \u00e8 la pi\u00f9 difficile di tutti da sconfiggere&#8221;.<div id=\"div-gpt-ad-Messinaoggi.it-DSK-300x250-corpoart\" style=\"text-align:center;margin:0 auto;\"><\/div><\/p>\n<p>&#8211; foto ufficio stampa Quirinale &#8211;<div id=\"videoincontent\" style=\"clear:both\";><\/div><\/p>\n<p>(ITALPRESS).<\/p><\/div>\n","protected":false},"excerpt":{"rendered":"<p>ROMA (ITALPRESS) &#8211; Il presidente della Repubblica, Sergio Mattarella, ha ricevuto al Quirinale una delegazione dell&#8217;Associazione Libera contro le mafie, guidata dal presidente don Luigi Ciotti e composta dai presidenti di alcune Associazioni nazionali aderenti a Libera. Il capo dello Stato ha espresso riconoscenza a questa realt\u00e0. &#8220;Vi ringrazio per quello che in questi 28 [&hellip;]<\/p>\n","protected":false},"author":18,"featured_media":148553,"comment_status":"closed","ping_status":"closed","sticky":false,"template":"","format":"standard","meta":{"ub_ctt_via":"","_mi_skip_tracking":false},"categories":[446],"tags":[783],"featured_image_src":"https:\/\/www.messinaoggi.it\/website\/wp-content\/uploads\/2023\/03\/20230328_2031.jpg","author_info":{"display_name":"Admin","author_link":"https:\/\/www.messinaoggi.it\/website\/author\/admin\/"},"digistream_id":0,"digistream":false,"_links":{"self":[{"href":"https:\/\/www.messinaoggi.it\/website\/wp-json\/wp\/v2\/posts\/148552"}],"collection":[{"href":"https:\/\/www.messinaoggi.it\/website\/wp-json\/wp\/v2\/posts"}],"about":[{"href":"https:\/\/www.messinaoggi.it\/website\/wp-json\/wp\/v2\/types\/post"}],"author":[{"embeddable":true,"href":"https:\/\/www.messinaoggi.it\/website\/wp-json\/wp\/v2\/users\/18"}],"replies":[{"embeddable":true,"href":"https:\/\/www.messinaoggi.it\/website\/wp-json\/wp\/v2\/comments?post=148552"}],"version-history":[{"count":0,"href":"https:\/\/www.messinaoggi.it\/website\/wp-json\/wp\/v2\/posts\/148552\/revisions"}],"wp:featuredmedia":[{"embeddable":true,"href":"https:\/\/www.messinaoggi.it\/website\/wp-json\/wp\/v2\/media\/148553"}],"wp:attachment":[{"href":"https:\/\/www.messinaoggi.it\/website\/wp-json\/wp\/v2\/media?parent=148552"}],"wp:term":[{"taxonomy":"category","embeddable":true,"href":"https:\/\/www.messinaoggi.it\/website\/wp-json\/wp\/v2\/categories?post=148552"},{"taxonomy":"post_tag","embeddable":true,"href":"https:\/\/www.messinaoggi.it\/website\/wp-json\/wp\/v2\/tags?post=148552"}],"curies":[{"name":"wp","href":"https:\/\/api.w.org\/{rel}","templated":true}]}}