{"id":14854,"date":"2018-01-27T10:45:42","date_gmt":"2018-01-27T09:45:42","guid":{"rendered":"http:\/\/www.messinaoggi.it\/website\/?p=14854"},"modified":"2018-01-27T10:45:42","modified_gmt":"2018-01-27T09:45:42","slug":"de-cola-rassicura-nei-prossimi-giorni-avvieremo-i-lavori-in-via-don-blasco","status":"publish","type":"post","link":"https:\/\/www.messinaoggi.it\/website\/2018\/01\/27\/de-cola-rassicura-nei-prossimi-giorni-avvieremo-i-lavori-in-via-don-blasco\/","title":{"rendered":"De Cola rassicura: &#039;Nei prossimi giorni avvieremo i lavori in via Don Blasco&#039;"},"content":{"rendered":"<p style=\"text-align: justify\"><span style=\"color: #000000\"><span style=\"font-family: Arial, sans-serif\">Un importante progetto che rischia di esser bloccato sul nascere, ma che non spaventa l&#8217;Amministrazione poich\u00e9 \u00e8 sicura di uscire in tempi brevi dall&#8217;impasse tecnico venutosi a creare. Dopo il clamoroso stop del Genio civile sull&#8217;avvio dei lavori di riqualificazione della via Don Blasco <span style=\"font-size: medium\">a causa dell\u2019assenza di verifiche sismiche (ben trenta) delle strutture strategiche che vengono interessate dal tracciato stradale, l&#8217;assessore ai Lavori pubblici Sergio De Cola ha voluto infatti precisare che \u201c<\/span><span style=\"font-size: medium\">si \u00e8 definito un percorso che porter\u00e0 certamente a chiarire e integrare quanto richiesto in tempi brevi<\/span><span style=\"font-size: medium\">\u201d. Dunque niente paura, i lavori <em>dovrebbero<\/em> prendere avvio in tempi ragionevoli:\u00a0<\/span><\/span><\/span><span style=\"color: #000000\">\u201c<\/span><span style=\"font-family: Arial, sans-serif\"><span style=\"font-size: medium\">Con l\u2019ingegnere Capo Leonardo Santoro &#8211; prosegue l&#8217;assessore ai Lavori pubblici &#8211; si \u00e8 concordato con spirito di collaborazione istituzionale, sulla necessit\u00e0 di non causare rallentamenti ad un\u2019opera di cos\u00ec grande importanza attesa dalla citt\u00e0 da decenni&#8221;.<\/span><\/span><div id=\"div-gpt-ad-Messinaoggi.it-DSK-300x250-corpoart\" style=\"text-align:center;margin:0 auto;\"><\/div><\/p>\n<p style=\"text-align: justify\">\u201c<span style=\"font-family: Arial, sans-serif\">L\u2019Amministrazione conferma quindi gli incontri gi\u00e0 programmati con l\u2019impresa per procedere nei prossimi giorni alla consegna dei lavori secondo un cronoprogramma che prevede di poter avviare con immediatezza i lavori su circa la met\u00e0 delle aree interessate garantendo quindi all\u2019impresa 8-10 mesi di lavoro, &#8211; spiega De Cola &#8211; parallelamente si proceder\u00e0 con la massima celerit\u00e0 a fornire agli uffici del Genio Civile le integrazioni richieste in modo da potere avere in breve tempo la piena operativit\u00e0 su tutto il cantiere che ricordiamo dovrebbe avere una durata di circa 18 mesi.<\/span><div id=\"videoincontent\" style=\"clear:both\";><\/div><\/p>\n<p style=\"text-align: justify\">\u201c<span style=\"font-family: Arial, sans-serif\">La realizzazione della via Don Blasco \u2013 conclude l&#8217;assessore\u00a0<span style=\"font-size: medium\">ai Lavori pubblici<\/span> \u2013 \u00e8 una delle opere importanti per la citt\u00e0 il cui avvio \u00e8 stato reso possibile grazie alla continuit\u00e0 amministrativa, alla capacit\u00e0 di definire la progettazione e di reperire le risorse finanziarie, poste in essere da questa Amministrazione. Siamo certi che tutti i soggetti interessati a vario titolo alla realizzazione dell\u2019opera daranno un contributo positivo nell\u2019interesse della citt\u00e0&#8221;. <\/span><\/p>\n<p style=\"text-align: justify\"><strong><span style=\"font-family: Arial, sans-serif\">CapitaleMessina contro De Cola su variante al PRG: &#8220;I<\/span><span style=\"color: #000000\"><span style=\"font-family: 'Helvetica Neue', serif\"><span style=\"font-size: small\"><span lang=\"it-IT\"><span style=\"font-family: Arial, sans-serif\"><span style=\"font-size: medium\">ncapace di riuscire a trovare il consenso della citt\u00e0 su un tema cruciale&#8221;.\u00a0<\/span><\/span><\/span><\/span><\/span><\/span><\/strong><span style=\"color: #000000\"><span style=\"font-family: 'Helvetica Neue', serif\"><span style=\"font-size: small\"><span lang=\"it-IT\"><span style=\"font-family: Arial, sans-serif\"><span style=\"font-size: medium\">Le critiche all&#8217;assessore ai Lavori pubblici si muovono su pi\u00f9 fronti, compreso quello relativo alla variante al PRG. A tal proposito, CapitaleMessina in un documento a firma di Gianfranco Salmeri ha affermato: &#8220;A<\/span><\/span><\/span><\/span><\/span><\/span><span style=\"color: #000000\"><span style=\"font-family: 'Helvetica Neue', serif\"><span style=\"font-size: small\"><span lang=\"it-IT\"><span style=\"font-family: Arial, sans-serif\"><span style=\"font-size: medium\">\u00a0prescindere da tutte le obiezioni di natura tecnica, vi \u00e8 un dato politico certo: questa vicenda \u00e8 un altro dei numerosi fallimenti della Giunta Accorinti, principalmente per <\/span><\/span><\/span><span lang=\"it-IT\"><span style=\"font-family: Arial, sans-serif\"><span style=\"font-size: medium\">l\u2019incapacit\u00e0 dell\u2019Assessore De Cola di riuscire a trovare il consenso della citt\u00e0 su un tema cos\u00ec cruciale<\/span><\/span><\/span><span lang=\"it-IT\"><span style=\"font-family: Arial, sans-serif\"><span style=\"font-size: medium\">; infatti la maggioranza dei gruppi politici consiliari, gli ordini professionali, ed anche i sindacati, sono stati e rimangono fortemente critici sulla Variante di Salvaguardia, sia per questioni di merito che di metodo.\u00a0<\/span><\/span><\/span><\/span><\/span><\/span><span style=\"color: #000000\"><span style=\"font-family: 'Helvetica Neue', serif\"><span style=\"font-size: small\"><span lang=\"it-IT\"><span style=\"font-family: Arial, sans-serif\"><span style=\"font-size: medium\">Ed ormai a pochi mesi dalla fine del mandato, \u00e8 difficile immaginare di aprire un dialogo scevro da condizionamenti elettorali<\/span><\/span><\/span><span lang=\"it-IT\"><span style=\"font-family: Arial, sans-serif\"><span style=\"font-size: medium\">. Il tempo \u00e8 scaduto, sar\u00e0 compito della prossima Amministrazione progettare lo sviluppo urbanistico della nostra citt\u00e0&#8221;.<\/span><\/span><\/span><\/span><\/span><\/span><\/p>\n<p><a name=\"_GoBack1\"><\/a><\/p>\n","protected":false},"excerpt":{"rendered":"<p>Un importante progetto che rischia di esser bloccato sul nascere, ma che non spaventa l&#8217;Amministrazione poich\u00e9 \u00e8 sicura di uscire in tempi brevi dall&#8217;impasse tecnico venutosi a creare. Dopo il clamoroso stop del Genio civile sull&#8217;avvio dei lavori di riqualificazione della via Don Blasco a causa dell\u2019assenza di verifiche sismiche (ben trenta) delle strutture strategiche [&hellip;]<\/p>\n","protected":false},"author":10,"featured_media":12167,"comment_status":"closed","ping_status":"open","sticky":false,"template":"","format":"standard","meta":{"ub_ctt_via":"","_mi_skip_tracking":false},"categories":[6],"tags":[],"featured_image_src":"https:\/\/www.messinaoggi.it\/website\/wp-content\/uploads\/2017\/11\/cavalcavia-incrocio-via-Don-Blasco-messinaoggiMarcyR.jpg","author_info":{"display_name":"Paolo Mustica","author_link":"https:\/\/www.messinaoggi.it\/website\/author\/p-mustica\/"},"digistream_id":0,"digistream":false,"_links":{"self":[{"href":"https:\/\/www.messinaoggi.it\/website\/wp-json\/wp\/v2\/posts\/14854"}],"collection":[{"href":"https:\/\/www.messinaoggi.it\/website\/wp-json\/wp\/v2\/posts"}],"about":[{"href":"https:\/\/www.messinaoggi.it\/website\/wp-json\/wp\/v2\/types\/post"}],"author":[{"embeddable":true,"href":"https:\/\/www.messinaoggi.it\/website\/wp-json\/wp\/v2\/users\/10"}],"replies":[{"embeddable":true,"href":"https:\/\/www.messinaoggi.it\/website\/wp-json\/wp\/v2\/comments?post=14854"}],"version-history":[{"count":0,"href":"https:\/\/www.messinaoggi.it\/website\/wp-json\/wp\/v2\/posts\/14854\/revisions"}],"wp:featuredmedia":[{"embeddable":true,"href":"https:\/\/www.messinaoggi.it\/website\/wp-json\/wp\/v2\/media\/12167"}],"wp:attachment":[{"href":"https:\/\/www.messinaoggi.it\/website\/wp-json\/wp\/v2\/media?parent=14854"}],"wp:term":[{"taxonomy":"category","embeddable":true,"href":"https:\/\/www.messinaoggi.it\/website\/wp-json\/wp\/v2\/categories?post=14854"},{"taxonomy":"post_tag","embeddable":true,"href":"https:\/\/www.messinaoggi.it\/website\/wp-json\/wp\/v2\/tags?post=14854"}],"curies":[{"name":"wp","href":"https:\/\/api.w.org\/{rel}","templated":true}]}}