{"id":148532,"date":"2023-03-28T20:07:56","date_gmt":"2023-03-28T18:07:56","guid":{"rendered":"https:\/\/www.messinaoggi.it\/website\/2023\/03\/28\/cdm-vara-decreto-da-49-miliardi-contro-il-caro-bollette\/"},"modified":"2023-03-28T20:07:56","modified_gmt":"2023-03-28T18:07:56","slug":"cdm-vara-decreto-da-49-miliardi-contro-il-caro-bollette","status":"publish","type":"post","link":"https:\/\/www.messinaoggi.it\/website\/2023\/03\/28\/cdm-vara-decreto-da-49-miliardi-contro-il-caro-bollette\/","title":{"rendered":"Cdm vara decreto da 4,9 miliardi contro il caro bollette"},"content":{"rendered":"<div>ROMA (ITALPRESS) &#8211; Nella riunione del Consiglio dei ministri, su proposta del ministro dell&#8217;Economia e delle finanze Giancarlo Giorgetti, \u00e8 stato approvato il decreto con misure a sostegno di famiglie e imprese contro il caro bollette e interventi in favore del settore sanitario per un ammontare complessivo di risorse stanziate nel provvedimento pari a 4,9 miliardi di euro.<br \/>Le misure a sostegno di famiglie e imprese contro caro energia sono state ridisegnate su base trimestrale tenendo conto sia dell&#8217;andamento dei prezzi dell&#8217;energia, sia dell&#8217;obiettivo di favorire il risparmio energetico.<br \/>Per il gas \u00e8 confermata nel prossimo trimestre (1 aprile &#8211; 30 giugno 2023) la riduzione dell&#8217;Iva al 5% e l&#8217;azzeramento degli oneri di sistema. Prorogata anche l&#8217;aliquota Iva ridotta al 5% per il teleriscaldamento e per l&#8217;energia prodotta con il gas metano. In considerazione della riduzione dei prezzi del gas naturale all&#8217;ingrosso il contributo introdotto a favore dei consumatori fino a 5.000 metri cubi \u00e8 confermato solo per il mese di aprile e sar\u00e0 in misura ridotta (pari al 35% del valore applicato nel trimestre precedente).<br \/>A sostegno delle famiglie \u00e8 stato prorogato fino al 30 giugno il bonus sociale, lo sconto sulle bollette di luce e gas per le famiglie con Isee fino a 15 mila euro.<br \/>Per quanto riguarda il contributo per le spese di riscaldamento, la novit\u00e0 introdotta con il decreto riguarda il nuovo incentivo al risparmio energetico per tutti i cittadini, senza limiti di reddito, che a partire dal prossimo 1 ottobre al 31 dicembre 2023 avranno un contributo a compensazione delle spese di riscaldamento, i cui criteri per l&#8217;assegnazione verranno definiti con decreto del ministro dell&#8217;Ambiente e della sicurezza energetica, di concerto con il ministro dell&#8217;Economia e delle finanze. Inoltre, l&#8217;Arera determiner\u00e0 le modalit\u00e0 applicative e la misura del contributo che verr\u00e0 erogato, in quota fissa e differenziato in base alle zone climatiche.<br \/>Le imprese potranno invece continuare a beneficiare fino al 30 giugno dei crediti d&#8217;imposta al 40% e al 45% se nel primo trimestre del 2023 hanno registrato un incremento del prezzo delle bollette di luce e gas superiore al 30% rispetto al primo trimestre del 2019.<br \/>Per l&#8217;anno di imposta 2022 agli imprenditori agricoli che producono e cedono energia fotovoltaica \u00e8 garantita, per la componente riconducibile all&#8217;energia ceduta, un regime di tassazione pi\u00f9 favorevole basato sul minor valore tra il prezzo medio di cessione dell&#8217;energia elettrica, determinato dall&#8217;ARERA e il valore di 120 euro\/MWh.<br \/>Nel decreto il governo \u00e8 inoltre intervenuto in materia di salute, stanziando circa 1,1 miliardi di euro in favore di Regioni e Province autonome per limitare l&#8217;impatto del payback dei dispositivi medici sulle aziende del settore.<br \/>In materia fiscale, riguardo alle scadenze introdotte con la legge di bilancio sono stati ricalendarizzati dal 31 marzo al 31 ottobre 2023 i termini di pagamento della prima rata per regolarizzare le violazioni di natura formale commesse fino al 31 ottobre 2022. Prorogati rispettivamente al 30 settembre 2023, al 31 ottobre 2023 e al 30 novembre 2023 i termini per il pagamento della prima, della seconda e della terza rata per il ravvedimento speciale sulle dichiarazioni validamente presentate per il periodo d&#8217;imposta in corso al 31 dicembre 2021 e precedenti.<div id=\"div-gpt-ad-Messinaoggi.it-DSK-300x250-corpoart\" style=\"text-align:center;margin:0 auto;\"><\/div><\/p>\n<p>&#8211; foto Agenziafotogramma.it &#8211;<div id=\"videoincontent\" style=\"clear:both\";><\/div><\/p>\n<p>(ITALPRESS).<\/p><\/div>\n","protected":false},"excerpt":{"rendered":"<p>ROMA (ITALPRESS) &#8211; Nella riunione del Consiglio dei ministri, su proposta del ministro dell&#8217;Economia e delle finanze Giancarlo Giorgetti, \u00e8 stato approvato il decreto con misure a sostegno di famiglie e imprese contro il caro bollette e interventi in favore del settore sanitario per un ammontare complessivo di risorse stanziate nel provvedimento pari a 4,9 [&hellip;]<\/p>\n","protected":false},"author":18,"featured_media":148533,"comment_status":"closed","ping_status":"closed","sticky":false,"template":"","format":"standard","meta":{"ub_ctt_via":"","_mi_skip_tracking":false},"categories":[446],"tags":[783],"featured_image_src":"https:\/\/www.messinaoggi.it\/website\/wp-content\/uploads\/2023\/03\/20230328_1905.jpg","author_info":{"display_name":"Admin","author_link":"https:\/\/www.messinaoggi.it\/website\/author\/admin\/"},"digistream_id":0,"digistream":false,"_links":{"self":[{"href":"https:\/\/www.messinaoggi.it\/website\/wp-json\/wp\/v2\/posts\/148532"}],"collection":[{"href":"https:\/\/www.messinaoggi.it\/website\/wp-json\/wp\/v2\/posts"}],"about":[{"href":"https:\/\/www.messinaoggi.it\/website\/wp-json\/wp\/v2\/types\/post"}],"author":[{"embeddable":true,"href":"https:\/\/www.messinaoggi.it\/website\/wp-json\/wp\/v2\/users\/18"}],"replies":[{"embeddable":true,"href":"https:\/\/www.messinaoggi.it\/website\/wp-json\/wp\/v2\/comments?post=148532"}],"version-history":[{"count":0,"href":"https:\/\/www.messinaoggi.it\/website\/wp-json\/wp\/v2\/posts\/148532\/revisions"}],"wp:featuredmedia":[{"embeddable":true,"href":"https:\/\/www.messinaoggi.it\/website\/wp-json\/wp\/v2\/media\/148533"}],"wp:attachment":[{"href":"https:\/\/www.messinaoggi.it\/website\/wp-json\/wp\/v2\/media?parent=148532"}],"wp:term":[{"taxonomy":"category","embeddable":true,"href":"https:\/\/www.messinaoggi.it\/website\/wp-json\/wp\/v2\/categories?post=148532"},{"taxonomy":"post_tag","embeddable":true,"href":"https:\/\/www.messinaoggi.it\/website\/wp-json\/wp\/v2\/tags?post=148532"}],"curies":[{"name":"wp","href":"https:\/\/api.w.org\/{rel}","templated":true}]}}