{"id":14853,"date":"2018-01-27T10:35:15","date_gmt":"2018-01-27T09:35:15","guid":{"rendered":"http:\/\/www.messinaoggi.it\/website\/?p=14853"},"modified":"2018-01-27T10:35:15","modified_gmt":"2018-01-27T09:35:15","slug":"galluccio-via-risorse-al-sud-per-darle-al-nord-anno-giudiziario-mette-in-risalto-carenze-economiche-e-di-organico","status":"publish","type":"post","link":"https:\/\/www.messinaoggi.it\/website\/2018\/01\/27\/galluccio-via-risorse-al-sud-per-darle-al-nord-anno-giudiziario-mette-in-risalto-carenze-economiche-e-di-organico\/","title":{"rendered":"Galluccio: &quot;Via risorse al Sud per darle al Nord&quot;, Anno giudiziario tra carenze economiche e di organico"},"content":{"rendered":"<p>&#8220;Una perdurante lentezza della macchina giudiziaria nel dare alla collettivit\u00e0 le attese risposte di legalit\u00e0, ma c&#8217;\u00e8 il dato positivo della produttivit\u00e0 media dei magistrati del distretto che si colloca nella fascia pi\u00f9 alta in Italia e si coniuga a quello relativo al numero dei procedimenti pendenti, in media, a carico di ciascun magistrato che \u00e8, anch&#8217;esso, tra i pi\u00f9 alti d&#8217;Italia, quale conseguenza del pesante arretrato&#8221;. Questo il quadro che emerge dalla relazione del primo presidente della Corte d&#8217;Appello, Michele Galluccio, in occasione dell&#8217;inaugurazione dell&#8217;Anno giudiziario nel distretto di\u00a0Messina.<br \/>\nIl funzionamento della giustizia nel Distretto continua a registrare &#8211; prosegue &#8211; quindi, una situazione difficile a causa delle vacanze contingenti degli organici &#8211; in particolare presso i Tribunali di\u00a0Messina\u00a0e Barcellona Pozzo di Gotto &#8211; nonch\u00e8 delle carenze strutturali; invero gli organici di primo grado sono stati oggetto di riduzione, mentre sono rimasti invariati quelli d&#8217;appello, in coerenza con la enunciata scelta di politica giudiziaria&#8221;.<br \/>\nPer il giudice &#8220;si sottraggono, quindi, risorse al Sud, per sopperire alle esigenze di sviluppo del Nord, quasi che, nei fatti, non interessi promuovere lo sviluppo del Meridione &#8211; e una giustizia efficiente \u00e8 unanimemente ritenuto fattore di crescita e di sviluppo del meridione &#8211; quanto, piuttosto accentuare ,invece di rimuoverlo al di la&#8217; delle buone intenzioni, il divario tra le diverse parti del paese&#8221;.<div id=\"div-gpt-ad-Messinaoggi.it-DSK-300x250-corpoart\" style=\"text-align:center;margin:0 auto;\"><\/div><\/p>\n<div id=\"videoincontent\" style=\"clear:both\";><\/div>","protected":false},"excerpt":{"rendered":"<p>&#8220;Una perdurante lentezza della macchina giudiziaria nel dare alla collettivit\u00e0 le attese risposte di legalit\u00e0, ma c&#8217;\u00e8 il dato positivo della produttivit\u00e0 media dei magistrati del distretto che si colloca nella fascia pi\u00f9 alta in Italia e si coniuga a quello relativo al numero dei procedimenti pendenti, in media, a carico di ciascun magistrato che [&hellip;]<\/p>\n","protected":false},"author":2,"featured_media":10356,"comment_status":"closed","ping_status":"open","sticky":false,"template":"","format":"standard","meta":{"ub_ctt_via":"","_mi_skip_tracking":false},"categories":[19],"tags":[],"featured_image_src":"https:\/\/www.messinaoggi.it\/website\/wp-content\/uploads\/2017\/10\/tribunale-di-messina.jpg","author_info":{"display_name":"Redazione","author_link":"https:\/\/www.messinaoggi.it\/website\/author\/redazione\/"},"digistream_id":0,"digistream":false,"_links":{"self":[{"href":"https:\/\/www.messinaoggi.it\/website\/wp-json\/wp\/v2\/posts\/14853"}],"collection":[{"href":"https:\/\/www.messinaoggi.it\/website\/wp-json\/wp\/v2\/posts"}],"about":[{"href":"https:\/\/www.messinaoggi.it\/website\/wp-json\/wp\/v2\/types\/post"}],"author":[{"embeddable":true,"href":"https:\/\/www.messinaoggi.it\/website\/wp-json\/wp\/v2\/users\/2"}],"replies":[{"embeddable":true,"href":"https:\/\/www.messinaoggi.it\/website\/wp-json\/wp\/v2\/comments?post=14853"}],"version-history":[{"count":0,"href":"https:\/\/www.messinaoggi.it\/website\/wp-json\/wp\/v2\/posts\/14853\/revisions"}],"wp:featuredmedia":[{"embeddable":true,"href":"https:\/\/www.messinaoggi.it\/website\/wp-json\/wp\/v2\/media\/10356"}],"wp:attachment":[{"href":"https:\/\/www.messinaoggi.it\/website\/wp-json\/wp\/v2\/media?parent=14853"}],"wp:term":[{"taxonomy":"category","embeddable":true,"href":"https:\/\/www.messinaoggi.it\/website\/wp-json\/wp\/v2\/categories?post=14853"},{"taxonomy":"post_tag","embeddable":true,"href":"https:\/\/www.messinaoggi.it\/website\/wp-json\/wp\/v2\/tags?post=14853"}],"curies":[{"name":"wp","href":"https:\/\/api.w.org\/{rel}","templated":true}]}}