{"id":14849,"date":"2018-01-27T09:35:45","date_gmt":"2018-01-27T08:35:45","guid":{"rendered":"http:\/\/www.messinaoggi.it\/website\/?p=14849"},"modified":"2018-01-27T09:35:45","modified_gmt":"2018-01-27T08:35:45","slug":"vdf-serve-rinnovo-del-contratto-ed-aumento-non-inferiore-a-85-euro","status":"publish","type":"post","link":"https:\/\/www.messinaoggi.it\/website\/2018\/01\/27\/vdf-serve-rinnovo-del-contratto-ed-aumento-non-inferiore-a-85-euro\/","title":{"rendered":"VdF: &quot;Serve rinnovo del contratto ed aumento non inferiore a 85 euro&quot;"},"content":{"rendered":"<p>&#8220;Serve il rinnovo e serve un aumento non inferiore a 85 euro, ma non abbiamo ancora alcun segnale da parte del Dipartimento della Funzione pubblica &#8220;. Ad affermarlo \u00e8 il responsabile della Fp Cgil Vigili del Fuoco, Mauro Giulianella, in merito al rinnovo del contratto nazionale per il corpo dei Vigili del Fuoco, aggiungendo che, questi ultimi, &#8220;aspettano di conoscere ancora gli aumenti contrattuali previsti nell&#8217;accordo sottoscritto il 30 novembre 2016 tra Governo e parti sociali&#8221;.<br \/>\nIl dirigente sindacale evidenzia che &#8220;molte lavoratrici e lavoratori del Corpo nazionale, dalle prime proiezioni in nostro possesso, sembrerebbero percepire molto meno degli 85 euro medi lordi mensili. Questo aspetto negativo \u00e8 stato gi\u00e0 rappresentato al sottosegretario Rughetti e sar\u00e0 nostro obiettivo raggiungere la cifra prevista nell&#8217;accordo, che ricordiamo essere minima, attraverso la proposizione di un assegno perequativo cos\u00ec come avvenuto per il rinnovo del contratto delle Funzioni Centrali&#8221;.<br \/>\nPer la Fp\/Cgil Vigili del Fuoco, &#8220;l&#8217;errore pi\u00f9 grande per tutti sarebbe quello di non dare seguito agli accordi presi. Rispetto alle tabelle sino ad\u00a0<a class=\"matchTooltip\">oggi<\/a>\u00a0presentate dal Dipartimento per tutti gli altri comparti pubblici, a partire da quelle delle Funzioni Centrali, il trattamento riservato ai Vigili del Fuoco appare tra i peggiori. L&#8217;effetto negativo dell&#8217;aumento contrattuale al di sotto degli 85 euro colpirebbe le fasce che hanno subito maggiormente gli effetti di 9 anni di blocco contrattuale.<br \/>\nPer questi motivi &#8211; aggiunge Giulianella &#8211; siamo convinti che sia necessario uno sforzo ulteriore da parte del Governo, in mancanza del quale diverrebbe inevitabile l&#8217;avvio di una fase conflittuale.<br \/>\nInfine &#8211; conclude Giulianella &#8211; non sottovaluteremo il rinnovo legato alla parte normativa dov&#8217;\u00e8 \u00e8 necessario intervenire per riconoscere anche per i Vigili del Fuoco un sistema assicurativo per le malattie professionali e gli infortuni Inail, una previdenza complementare, ma anche la conferma di tutti i diritti gi\u00e0 consolidati&#8221;.<div id=\"div-gpt-ad-Messinaoggi.it-DSK-300x250-corpoart\" style=\"text-align:center;margin:0 auto;\"><\/div><\/p>\n<div id=\"videoincontent\" style=\"clear:both\";><\/div>","protected":false},"excerpt":{"rendered":"<p>&#8220;Serve il rinnovo e serve un aumento non inferiore a 85 euro, ma non abbiamo ancora alcun segnale da parte del Dipartimento della Funzione pubblica &#8220;. Ad affermarlo \u00e8 il responsabile della Fp Cgil Vigili del Fuoco, Mauro Giulianella, in merito al rinnovo del contratto nazionale per il corpo dei Vigili del Fuoco, aggiungendo che, [&hellip;]<\/p>\n","protected":false},"author":2,"featured_media":14850,"comment_status":"closed","ping_status":"open","sticky":false,"template":"","format":"standard","meta":{"ub_ctt_via":"","_mi_skip_tracking":false},"categories":[11],"tags":[],"featured_image_src":"https:\/\/www.messinaoggi.it\/website\/wp-content\/uploads\/2018\/01\/vigili-del-fuoco-1-1.jpg","author_info":{"display_name":"Redazione","author_link":"https:\/\/www.messinaoggi.it\/website\/author\/redazione\/"},"digistream_id":0,"digistream":false,"_links":{"self":[{"href":"https:\/\/www.messinaoggi.it\/website\/wp-json\/wp\/v2\/posts\/14849"}],"collection":[{"href":"https:\/\/www.messinaoggi.it\/website\/wp-json\/wp\/v2\/posts"}],"about":[{"href":"https:\/\/www.messinaoggi.it\/website\/wp-json\/wp\/v2\/types\/post"}],"author":[{"embeddable":true,"href":"https:\/\/www.messinaoggi.it\/website\/wp-json\/wp\/v2\/users\/2"}],"replies":[{"embeddable":true,"href":"https:\/\/www.messinaoggi.it\/website\/wp-json\/wp\/v2\/comments?post=14849"}],"version-history":[{"count":0,"href":"https:\/\/www.messinaoggi.it\/website\/wp-json\/wp\/v2\/posts\/14849\/revisions"}],"wp:featuredmedia":[{"embeddable":true,"href":"https:\/\/www.messinaoggi.it\/website\/wp-json\/wp\/v2\/media\/14850"}],"wp:attachment":[{"href":"https:\/\/www.messinaoggi.it\/website\/wp-json\/wp\/v2\/media?parent=14849"}],"wp:term":[{"taxonomy":"category","embeddable":true,"href":"https:\/\/www.messinaoggi.it\/website\/wp-json\/wp\/v2\/categories?post=14849"},{"taxonomy":"post_tag","embeddable":true,"href":"https:\/\/www.messinaoggi.it\/website\/wp-json\/wp\/v2\/tags?post=14849"}],"curies":[{"name":"wp","href":"https:\/\/api.w.org\/{rel}","templated":true}]}}