{"id":148483,"date":"2023-03-28T16:18:01","date_gmt":"2023-03-28T14:18:01","guid":{"rendered":"https:\/\/www.messinaoggi.it\/website\/2023\/03\/28\/aeronautica-militare-open-day-al-37-stormo-di-trapani-birgi-per-i-cento-anni\/"},"modified":"2023-03-28T16:18:01","modified_gmt":"2023-03-28T14:18:01","slug":"aeronautica-militare-open-day-al-37-stormo-di-trapani-birgi-per-i-cento-anni","status":"publish","type":"post","link":"https:\/\/www.messinaoggi.it\/website\/2023\/03\/28\/aeronautica-militare-open-day-al-37-stormo-di-trapani-birgi-per-i-cento-anni\/","title":{"rendered":"Aeronautica Militare, open day al 37^ Stormo di Trapani-Birgi per i cento anni"},"content":{"rendered":"<div>\n<p>TRAPANI (ITALPRESS) \u2013 Il 37^ Stormo di Trapani-Birgi celebra i primi cento anni dell\u2019Aeronautica Militare con un Open Day. <br \/>\u201cE\u2019 un grosso traguardo per l\u2019Aeronautica Militare festeggiare questi cento anni e quindi una grandissima occasione di fare questo Open Day. Abbiamo aperto le nostre porte alla popolazione e devo dire che la risposta della comunit\u00e0 locale della Sicilia Occidentale \u00e8 stata fantastica\u201d, dichiara all\u2019Italpress il colonnello Daniele Donati, Comandante del 37esimo Stormo di Trapani-Birgi. <br \/>\u201cStiamo ricevendo grandissime manifestazioni di affetto \u2013 aggiunge \u2013 e tutti quanti stanno apprezzando le nostre capacit\u00e0 che abbiamo messo in mostra, proprio per avvicinarci ai cittadini e far vedere quello che siamo in grado di fare a favore della collettivit\u00e0\u201d. <br \/>L\u2019aeroporto militare \u00e8 stato aperto al pubblico, a testimoniare il lavoro dei militari a favore della collettivit\u00e0 e il legame con la Sicilia. <br \/>\u201cL\u2019auspicio \u00e8 che noi possiamo ispirare i giovani a diventare protagonisti della societ\u00e0 futura e perch\u00e8 no, servendo per l\u2019Aeronautica Militare in una delle sue tante specialit\u00e0; piloti, ingegneri, il ruolo delle armi e tutte le capacit\u00e0 operative che sono le eccellenze della nostra forza armata\u201d, aggiunge il colonnello Donati. <br \/>\u201cFesteggiamo i cento anni con la gente e per la gente \u2013 dichiara il Comandante dell\u201982^ Centro C.S.A.R., maggiore Marco Forcato \u2013 siamo da cento anni al fianco della collettivit\u00e0. Siamo veramente orgogliosi di ospitare tutta la popolazione del territorio, di aprire la base, far vedere un p\u00f2 quelle che sono le nostre realt\u00e0 quotidiane alle persone\u201d. <br \/>foto xa3 Italpress<br \/>(ITALPRESS).<div id=\"div-gpt-ad-Messinaoggi.it-DSK-300x250-corpoart\" style=\"text-align:center;margin:0 auto;\"><\/div><\/p>\n<\/div>\n<div id=\"videoincontent\" style=\"clear:both\";><\/div>","protected":false},"excerpt":{"rendered":"<p>TRAPANI (ITALPRESS) \u2013 Il 37^ Stormo di Trapani-Birgi celebra i primi cento anni dell\u2019Aeronautica Militare con un Open Day. \u201cE\u2019 un grosso traguardo per l\u2019Aeronautica Militare festeggiare questi cento anni e quindi una grandissima occasione di fare questo Open Day. Abbiamo aperto le nostre porte alla popolazione e devo dire che la risposta della comunit\u00e0 [&hellip;]<\/p>\n","protected":false},"author":18,"featured_media":148484,"comment_status":"closed","ping_status":"closed","sticky":false,"template":"","format":"standard","meta":{"ub_ctt_via":"","_mi_skip_tracking":false},"categories":[2449],"tags":[783],"featured_image_src":"https:\/\/www.messinaoggi.it\/website\/wp-content\/uploads\/2023\/03\/20230328_1248.jpg","author_info":{"display_name":"Admin","author_link":"https:\/\/www.messinaoggi.it\/website\/author\/admin\/"},"digistream_id":0,"digistream":false,"_links":{"self":[{"href":"https:\/\/www.messinaoggi.it\/website\/wp-json\/wp\/v2\/posts\/148483"}],"collection":[{"href":"https:\/\/www.messinaoggi.it\/website\/wp-json\/wp\/v2\/posts"}],"about":[{"href":"https:\/\/www.messinaoggi.it\/website\/wp-json\/wp\/v2\/types\/post"}],"author":[{"embeddable":true,"href":"https:\/\/www.messinaoggi.it\/website\/wp-json\/wp\/v2\/users\/18"}],"replies":[{"embeddable":true,"href":"https:\/\/www.messinaoggi.it\/website\/wp-json\/wp\/v2\/comments?post=148483"}],"version-history":[{"count":0,"href":"https:\/\/www.messinaoggi.it\/website\/wp-json\/wp\/v2\/posts\/148483\/revisions"}],"wp:featuredmedia":[{"embeddable":true,"href":"https:\/\/www.messinaoggi.it\/website\/wp-json\/wp\/v2\/media\/148484"}],"wp:attachment":[{"href":"https:\/\/www.messinaoggi.it\/website\/wp-json\/wp\/v2\/media?parent=148483"}],"wp:term":[{"taxonomy":"category","embeddable":true,"href":"https:\/\/www.messinaoggi.it\/website\/wp-json\/wp\/v2\/categories?post=148483"},{"taxonomy":"post_tag","embeddable":true,"href":"https:\/\/www.messinaoggi.it\/website\/wp-json\/wp\/v2\/tags?post=148483"}],"curies":[{"name":"wp","href":"https:\/\/api.w.org\/{rel}","templated":true}]}}