{"id":14831,"date":"2018-01-26T16:05:30","date_gmt":"2018-01-26T15:05:30","guid":{"rendered":"http:\/\/www.messinaoggi.it\/website\/?p=14831"},"modified":"2018-01-26T16:05:30","modified_gmt":"2018-01-26T15:05:30","slug":"verso-le-politiche-aria-pesante-in-fi-e-calderone-su-facebook-lancia-il-problema-degli-improponibili","status":"publish","type":"post","link":"https:\/\/www.messinaoggi.it\/website\/2018\/01\/26\/verso-le-politiche-aria-pesante-in-fi-e-calderone-su-facebook-lancia-il-problema-degli-improponibili\/","title":{"rendered":"Verso le Politiche, aria pesante in FI e Calderone su facebook lancia il problema degli improponibili"},"content":{"rendered":"<p style=\"text-align: justify\">Dagli impresentabili agli improponibili. La corsa alla candidatura sta creando profondi dissapori all\u2019interno di Forza Italia, dissapori che adesso non stanno rimanendo pi\u00f9 chiusi tra le quattro mura delle famigerate stanze dei bottoni. Occhi puntati sul collegio di Barcellona Pozzo di Gotto, con Tommaso Calderone pronto a dare battaglia.<div id=\"div-gpt-ad-Messinaoggi.it-DSK-300x250-corpoart\" style=\"text-align:center;margin:0 auto;\"><\/div><\/p>\n<p style=\"text-align: justify\">Il deputato regionale di Forza Italia si \u00e8 lasciato andare ad un laconico sfogo sul proprio profilo facebook: <em>\u201cHo bisogno di voi. E\u2019 quasi certo che nel nostro collegio verranno candidati, da una certa parte politica, che sono obiettivamente improponibili. Io sono sceso in campo per il mio territorio e la mia gente e lo sto dimostrando. Se dovesse accadere quello che tempo vi voglio tutti con me. Sar\u00e0 guerra (ovviamente elettorale)\u2026senza se e senza ma\u201d.<\/em><div id=\"videoincontent\" style=\"clear:both\";><\/div><\/p>\n<p style=\"text-align: justify\">Una vera e propria chiamata alle armi, ma contro chi?\u00a0 La faida \u00e8 ormai accertata, ma \u00e8 probabile che nel mirino di Calderone di siano Nino German\u00e0 e soprattutto Santi Formica, pronto a schierare la figlia Elisabetta. Ma naturalmente, al momento, non possiamo fare altro che restare nel campo delle ipotesi.<\/p>\n<p>Il quadro delle candidature si sta delineando proprio in queste ore. Sembra ormai certo il posto per Matilde Siracusano per il collegio uninominale di Messina 1. Per la giovane messinese si tratta di un vero e proprio battesimo del fuoco, perch\u00e9 mai si era ritrovata a doversi confrontare in prima persona con una competizione elettorale. Proprio lei che per anni \u00e8 stata assistente parlamentare di Casini, prima di passare tra le fila di Silvio Berlusconi. Anzi pare che proprio il Cavaliere in persona abbia dato il proprio placet alla candidatura.<br \/>\nAl collegio uninominale Barcellona-Taormina, dovrebbe trovare posto Franco Rinaldi, ex deputato regionale mentre\u00a0 Nino German\u00e0 ed Elisabetta Formica. Il primo pronto a tornare a Roma dopo aver lasciato il Parlamento nel 2012 per l\u2019Ars, adesso desideroso di rimettersi in gioco dopo la delusione delle ultime regionali, quando con 11mila preferenze non \u00e8 riuscito a centrare la riconferma. La seconda una new entry, figlia del deputato Santi Formica. Per il Senato, il nome forte in chiave azzurra \u00e8 Urania Papatheu, candidata nel collegio uninominale.<\/p>\n","protected":false},"excerpt":{"rendered":"<p>Dagli impresentabili agli improponibili. La corsa alla candidatura sta creando profondi dissapori all\u2019interno di Forza Italia, dissapori che adesso non stanno rimanendo pi\u00f9 chiusi tra le quattro mura delle famigerate stanze dei bottoni. Occhi puntati sul collegio di Barcellona Pozzo di Gotto, con Tommaso Calderone pronto a dare battaglia. Il deputato regionale di Forza Italia [&hellip;]<\/p>\n","protected":false},"author":1,"featured_media":14832,"comment_status":"closed","ping_status":"open","sticky":false,"template":"","format":"standard","meta":{"ub_ctt_via":"","_mi_skip_tracking":false},"categories":[6],"tags":[],"featured_image_src":"https:\/\/www.messinaoggi.it\/website\/wp-content\/uploads\/2018\/01\/calderone-1.jpg","author_info":{"display_name":"admin@admin.com","author_link":"https:\/\/www.messinaoggi.it\/website\/author\/adminadmin-com\/"},"digistream_id":0,"digistream":false,"_links":{"self":[{"href":"https:\/\/www.messinaoggi.it\/website\/wp-json\/wp\/v2\/posts\/14831"}],"collection":[{"href":"https:\/\/www.messinaoggi.it\/website\/wp-json\/wp\/v2\/posts"}],"about":[{"href":"https:\/\/www.messinaoggi.it\/website\/wp-json\/wp\/v2\/types\/post"}],"author":[{"embeddable":true,"href":"https:\/\/www.messinaoggi.it\/website\/wp-json\/wp\/v2\/users\/1"}],"replies":[{"embeddable":true,"href":"https:\/\/www.messinaoggi.it\/website\/wp-json\/wp\/v2\/comments?post=14831"}],"version-history":[{"count":0,"href":"https:\/\/www.messinaoggi.it\/website\/wp-json\/wp\/v2\/posts\/14831\/revisions"}],"wp:featuredmedia":[{"embeddable":true,"href":"https:\/\/www.messinaoggi.it\/website\/wp-json\/wp\/v2\/media\/14832"}],"wp:attachment":[{"href":"https:\/\/www.messinaoggi.it\/website\/wp-json\/wp\/v2\/media?parent=14831"}],"wp:term":[{"taxonomy":"category","embeddable":true,"href":"https:\/\/www.messinaoggi.it\/website\/wp-json\/wp\/v2\/categories?post=14831"},{"taxonomy":"post_tag","embeddable":true,"href":"https:\/\/www.messinaoggi.it\/website\/wp-json\/wp\/v2\/tags?post=14831"}],"curies":[{"name":"wp","href":"https:\/\/api.w.org\/{rel}","templated":true}]}}