{"id":148211,"date":"2023-03-27T07:50:31","date_gmt":"2023-03-27T05:50:31","guid":{"rendered":"http:\/\/www.messinaoggi.it\/website\/?p=148211"},"modified":"2023-03-27T10:23:54","modified_gmt":"2023-03-27T08:23:54","slug":"a-torre-faro-sit-in-contro-il-ponte-germana-si-fara","status":"publish","type":"post","link":"https:\/\/www.messinaoggi.it\/website\/2023\/03\/27\/a-torre-faro-sit-in-contro-il-ponte-germana-si-fara\/","title":{"rendered":"A Torre Faro  sit-in contro il Ponte, German\u00e0: &#8220;Si far\u00e0&#8221;"},"content":{"rendered":"\n<p>\u201cIeri a Messina un gruppetto di poche decine di persone, probabilmente un centinaio (cambierebbe poco se fossero 300 come hanno dichiarato gli organizzatori) ha manifestato per esprimere la propria contrariet\u00e0 alla realizzazione del Ponte sullo Stretto. A questi manifestanti, che rappresentano davvero una minoranza rispetto a milioni di siciliani, calabresi, cittadini del Mezzogiorno che l\u2019opera la vogliono davvero, ribadisco che \u00e8 finita la stagione dei No&#8221;. Lo dichiara il senatore siciliano di Messina Nino German\u00e0, vicepresidente del Gruppo Lega a Palazzo Madama e segretario in commissione Lavori pubblici, Ambiente, Transizione ecologica, dopo la manifestazione che si \u00e8 tenuta ieri a Torre Faro, dove tra i 200 e i 300 attivisti si sono radunati per esprimere la propria contrariet\u00e0 al Ponte sullo Stretto di Messina.<div id=\"div-gpt-ad-Messinaoggi.it-DSK-300x250-corpoart\" style=\"text-align:center;margin:0 auto;\"><\/div><\/p>\n\n\n\n<p>&#8220;Il cambio di passo del ministro Salvini \u00e8 tangibile e concreto. &#8211; prosegue German\u00e0 &#8211; Con la Lega e la maggioranza di centrodestra i movimenti dell\u2019immobilismo a priori non hanno pi\u00f9 voce in capitolo, perch\u00e9 nulla hanno a che fare con la natura del governo del fare. Certamente, in democrazia, tutti hanno il diritto di esprimere il loro pensiero e le loro opinioni, anche il gruppetto che si \u00e8 riunito ieri a Torre Faro, ma \u00e8 intollerabile che su quest\u2019opera vengano dette inesattezze o, ancor peggio, bugie. Il Ponte non \u00e8 solo una tra le migliori opere del momento in termini infrastrutturali, economici e ambientali, ma \u00e8 un grande attrattore per recuperare gap e per migliorare strade autostrade e alta velocit\u00e0 tanto in Sicilia quanto in tutto il Sud. Ribadisco ai pochissimi cittadini contrari ma, soprattutto, ai partiti di una certa sinistra che per anni hanno paralizzato l\u2019avanzamento delle opere in tutta Italia, che finalmente il Ponte si far\u00e0, \u00e8 una certezza. <div id=\"videoincontent\" style=\"clear:both\";><\/div><\/p>\n\n\n\n<p>&#8220;I vantaggi sono tantissimi e non c&#8217;\u00e8 alcun dubbio sull\u2019opportunit\u00e0 e necessit\u00e0 di realizzare quest\u2019opera strategica per tutta l\u2019Italia. Sar\u00e0 l\u2019opera pi\u00f9 green del mondo, con un impatto positivo inestimabile sotto tutti i punti di vista. Non \u00e8 mai stata una promessa elettorale e la cosa che pi\u00f9 mi piace di questo periodo storico \u00e8 che ne stiamo parlando da inizio legislatura con un ministro delle Infrastrutture e dei Trasporti che ha visione, buonsenso e concretezza. Per il vicepremier il Ponte sar\u00e0 tra le opere pi\u00f9 importanti del suo mandato, con buona pace di quella sinistra che riusc\u00ec al tempo a bloccare una gara internazionale gi\u00e0 aggiudicata e che non ha mai voluto la sua realizzazione. Con Salvini e con Lega al governo, invece, non sar\u00e0 pi\u00f9 un progetto irrealizzato&#8221;.\u00a0<\/p>\n","protected":false},"excerpt":{"rendered":"<p>\u201cIeri a Messina un gruppetto di poche decine di persone, probabilmente un centinaio (cambierebbe poco se fossero 300 come hanno dichiarato gli organizzatori) ha manifestato per esprimere la propria contrariet\u00e0 alla realizzazione del Ponte sullo Stretto. A questi manifestanti, che rappresentano davvero una minoranza rispetto a milioni di siciliani, calabresi, cittadini del Mezzogiorno che l\u2019opera [&hellip;]<\/p>\n","protected":false},"author":8,"featured_media":60093,"comment_status":"open","ping_status":"open","sticky":false,"template":"","format":"standard","meta":{"ub_ctt_via":"","_mi_skip_tracking":false},"categories":[19],"tags":[1082,630],"featured_image_src":"https:\/\/www.messinaoggi.it\/website\/wp-content\/uploads\/2021\/04\/20210417_0376.jpg","author_info":{"display_name":"red..me","author_link":"https:\/\/www.messinaoggi.it\/website\/author\/redstage\/"},"digistream_id":0,"digistream":false,"_links":{"self":[{"href":"https:\/\/www.messinaoggi.it\/website\/wp-json\/wp\/v2\/posts\/148211"}],"collection":[{"href":"https:\/\/www.messinaoggi.it\/website\/wp-json\/wp\/v2\/posts"}],"about":[{"href":"https:\/\/www.messinaoggi.it\/website\/wp-json\/wp\/v2\/types\/post"}],"author":[{"embeddable":true,"href":"https:\/\/www.messinaoggi.it\/website\/wp-json\/wp\/v2\/users\/8"}],"replies":[{"embeddable":true,"href":"https:\/\/www.messinaoggi.it\/website\/wp-json\/wp\/v2\/comments?post=148211"}],"version-history":[{"count":1,"href":"https:\/\/www.messinaoggi.it\/website\/wp-json\/wp\/v2\/posts\/148211\/revisions"}],"predecessor-version":[{"id":148212,"href":"https:\/\/www.messinaoggi.it\/website\/wp-json\/wp\/v2\/posts\/148211\/revisions\/148212"}],"wp:featuredmedia":[{"embeddable":true,"href":"https:\/\/www.messinaoggi.it\/website\/wp-json\/wp\/v2\/media\/60093"}],"wp:attachment":[{"href":"https:\/\/www.messinaoggi.it\/website\/wp-json\/wp\/v2\/media?parent=148211"}],"wp:term":[{"taxonomy":"category","embeddable":true,"href":"https:\/\/www.messinaoggi.it\/website\/wp-json\/wp\/v2\/categories?post=148211"},{"taxonomy":"post_tag","embeddable":true,"href":"https:\/\/www.messinaoggi.it\/website\/wp-json\/wp\/v2\/tags?post=148211"}],"curies":[{"name":"wp","href":"https:\/\/api.w.org\/{rel}","templated":true}]}}