{"id":14821,"date":"2018-01-26T12:36:38","date_gmt":"2018-01-26T11:36:38","guid":{"rendered":"http:\/\/www.messinaoggi.it\/website\/?p=14821"},"modified":"2018-01-26T12:36:38","modified_gmt":"2018-01-26T11:36:38","slug":"universita-fuoriuscita-di-sostanze-chimiche-da-un-laboratorio-di-farmacia","status":"publish","type":"post","link":"https:\/\/www.messinaoggi.it\/website\/2018\/01\/26\/universita-fuoriuscita-di-sostanze-chimiche-da-un-laboratorio-di-farmacia\/","title":{"rendered":"Universit\u00e0, fuoriuscita di sostanze chimiche da un laboratorio di Farmacia"},"content":{"rendered":"<p>La squadra &#8220;2.A&#8221; del distaccamento nord del Comando provinciale dei Vigili del fuoco, unitamente al personale NBCR, \u00e8 intervenuta questa mattina presso la Facolt\u00e0 di Farmacia, dove in un laboratorio si \u00e8 verificata una fuoriuscita di sostanze chimiche da un contenitore destinato a raccolta di rifiuti organici. Attivate tempestivamente le procedure previste dal piano di emergenza con l\u2019evacuazione dei locali interessati.<br \/>\nIl contenitore oggetto della perdita \u00e8 stato recuperato e messo in sicurezza dagli operatori giunti sul posto con un&#8217;autopompa serbatoio) ed un carro nucleare batteriologico chimico e radioattivit\u00e0. Per fortuna non ci sono registrati danni a persone o cose.<div id=\"div-gpt-ad-Messinaoggi.it-DSK-300x250-corpoart\" style=\"text-align:center;margin:0 auto;\"><\/div><\/p>\n<div id=\"videoincontent\" style=\"clear:both\";><\/div>","protected":false},"excerpt":{"rendered":"<p>La squadra &#8220;2.A&#8221; del distaccamento nord del Comando provinciale dei Vigili del fuoco, unitamente al personale NBCR, \u00e8 intervenuta questa mattina presso la Facolt\u00e0 di Farmacia, dove in un laboratorio si \u00e8 verificata una fuoriuscita di sostanze chimiche da un contenitore destinato a raccolta di rifiuti organici. Attivate tempestivamente le procedure previste dal piano di [&hellip;]<\/p>\n","protected":false},"author":2,"featured_media":14823,"comment_status":"closed","ping_status":"open","sticky":false,"template":"","format":"standard","meta":{"ub_ctt_via":"","_mi_skip_tracking":false},"categories":[5],"tags":[],"featured_image_src":"https:\/\/www.messinaoggi.it\/website\/wp-content\/uploads\/2018\/01\/vigili-del-fuoco-alla-facolta-di-Farmacia-1.jpg","author_info":{"display_name":"Redazione","author_link":"https:\/\/www.messinaoggi.it\/website\/author\/redazione\/"},"digistream_id":0,"digistream":false,"_links":{"self":[{"href":"https:\/\/www.messinaoggi.it\/website\/wp-json\/wp\/v2\/posts\/14821"}],"collection":[{"href":"https:\/\/www.messinaoggi.it\/website\/wp-json\/wp\/v2\/posts"}],"about":[{"href":"https:\/\/www.messinaoggi.it\/website\/wp-json\/wp\/v2\/types\/post"}],"author":[{"embeddable":true,"href":"https:\/\/www.messinaoggi.it\/website\/wp-json\/wp\/v2\/users\/2"}],"replies":[{"embeddable":true,"href":"https:\/\/www.messinaoggi.it\/website\/wp-json\/wp\/v2\/comments?post=14821"}],"version-history":[{"count":0,"href":"https:\/\/www.messinaoggi.it\/website\/wp-json\/wp\/v2\/posts\/14821\/revisions"}],"wp:featuredmedia":[{"embeddable":true,"href":"https:\/\/www.messinaoggi.it\/website\/wp-json\/wp\/v2\/media\/14823"}],"wp:attachment":[{"href":"https:\/\/www.messinaoggi.it\/website\/wp-json\/wp\/v2\/media?parent=14821"}],"wp:term":[{"taxonomy":"category","embeddable":true,"href":"https:\/\/www.messinaoggi.it\/website\/wp-json\/wp\/v2\/categories?post=14821"},{"taxonomy":"post_tag","embeddable":true,"href":"https:\/\/www.messinaoggi.it\/website\/wp-json\/wp\/v2\/tags?post=14821"}],"curies":[{"name":"wp","href":"https:\/\/api.w.org\/{rel}","templated":true}]}}