{"id":148175,"date":"2023-03-27T00:07:53","date_gmt":"2023-03-26T22:07:53","guid":{"rendered":"https:\/\/www.messinaoggi.it\/website\/2023\/03\/26\/forza-italia-berlusconi-nesssuna-rottamazione-decido-io-la-linea\/"},"modified":"2023-03-27T10:22:46","modified_gmt":"2023-03-27T08:22:46","slug":"forza-italia-berlusconi-nesssuna-rottamazione-decido-io-la-linea","status":"publish","type":"post","link":"https:\/\/www.messinaoggi.it\/website\/2023\/03\/27\/forza-italia-berlusconi-nesssuna-rottamazione-decido-io-la-linea\/","title":{"rendered":"Forza Italia, Berlusconi \u201cNesssuna rottamazione, decido io la linea\u201d"},"content":{"rendered":"<div>MILANO (ITALPRESS) &#8211; &#8220;Non abbiamo rottamato nessuno, abbiamo reso pi\u00f9 efficiente la struttura, sostituendo alcuni coordinatori che, per diverse ragioni, avendo assunto altri incarichi o non essendo stati rieletti, non erano pi\u00f9 in condizione di svolgere il loro compito con l&#8217;impegno di prima&#8221;. Cos\u00ec, Silvio Berlusconi, leader di Forza Italia, ha spiegato al Corriere della Sera in edicola oggi il motivo di alcuni cambi della guardia in alcuni posti chiave in seno al partito, che hanno visto coinvolti tra l&#8217;altro Licia Ronzulli, Paolo Barelli, Alessandro Sorte e Alessandro Cattaneo. &#8220;Lo spostamento di Cattaneo non \u00e8 una punizione, \u00e8 una razionalizzazione, mentre abbiamo voluto recuperare l&#8217;esperienza e la saggezza di Paolo Barelli&#8221; ha commentato il Cavaliere. &#8220;La linea politica di Forza Italia \u00e8 quella indicata da me. Eventuali prese di posizione di singoli, rappresentano solo opinioni e sensibilit\u00e0 individuali&#8221; ha detto ancora il leader Azzurro. Quanto al rapporto con la premier Meloni, &#8220;esso \u00e8 improntato alla massima lealt\u00e0, alla stima personale, a una amicizia sincera&#8221; aggiunge il fondatore di Forza Italia. Riguardo invece il caso Cutro, Berlusconi dice: &#8220;Una vicenda davvero tragica, ma non mi sento di attribuire responsabilit\u00e0 a nessuno: in una situazione cos\u00ec drammatica intervenire era oggettivamente molto difficile. Soccorrere una barca nel mare in tempesta \u00e8 cosa ben diversa da una discussione da salotto su quello che si sarebbe potuto fare&#8221;. &#8220;Dobbiamo fare tutto il possibile perch\u00e8 tragedie simili non si ripetano pi\u00f9: chi \u00e8 in mare va soccorso sempre, con tutti i mezzi possibili, ma al tempo stesso dobbiamo creare la condizioni per ridurre o eliminare le partenze, come aveva fatto il mio governo nel 2010, quando sbarcarono in Italia solo 4.400 migranti in un anno. Per farlo \u00e8 essenziale la stabilizzazione dei Paesi della sponda sud del Mediterraneo, dalla Libia alla Tunisia, che attraversa un momento molto difficile e che \u00e8 necessario aiutare con urgenza prima che la situazione imploda&#8221; ha detto ancora. &#8220;Ma tutto questo non pu\u00f2 essere compito solo dell&#8217;Italia o dei Paesi che si affacciano sul Mediterraneo: l&#8217;intera Europa deve farsi carico della sua frontiera sud e di una politica africana in grado di bilanciare la crescente influenza cinese nel continente&#8221; ha concluso.(ITALPRESS).<div id=\"div-gpt-ad-Messinaoggi.it-DSK-300x250-corpoart\" style=\"text-align:center;margin:0 auto;\"><\/div><\/p>\n<p>Photo Credits: www.agenziafotogramma.it<div id=\"videoincontent\" style=\"clear:both\";><\/div><\/p><\/div>\n","protected":false},"excerpt":{"rendered":"<p>MILANO (ITALPRESS) &#8211; &#8220;Non abbiamo rottamato nessuno, abbiamo reso pi\u00f9 efficiente la struttura, sostituendo alcuni coordinatori che, per diverse ragioni, avendo assunto altri incarichi o non essendo stati rieletti, non erano pi\u00f9 in condizione di svolgere il loro compito con l&#8217;impegno di prima&#8221;. Cos\u00ec, Silvio Berlusconi, leader di Forza Italia, ha spiegato al Corriere della [&hellip;]<\/p>\n","protected":false},"author":18,"featured_media":148176,"comment_status":"closed","ping_status":"closed","sticky":false,"template":"","format":"standard","meta":{"ub_ctt_via":"","_mi_skip_tracking":false},"categories":[446,6],"tags":[783],"featured_image_src":"https:\/\/www.messinaoggi.it\/website\/wp-content\/uploads\/2023\/03\/20230326_0071.jpg","author_info":{"display_name":"Admin","author_link":"https:\/\/www.messinaoggi.it\/website\/author\/admin\/"},"digistream_id":0,"digistream":false,"_links":{"self":[{"href":"https:\/\/www.messinaoggi.it\/website\/wp-json\/wp\/v2\/posts\/148175"}],"collection":[{"href":"https:\/\/www.messinaoggi.it\/website\/wp-json\/wp\/v2\/posts"}],"about":[{"href":"https:\/\/www.messinaoggi.it\/website\/wp-json\/wp\/v2\/types\/post"}],"author":[{"embeddable":true,"href":"https:\/\/www.messinaoggi.it\/website\/wp-json\/wp\/v2\/users\/18"}],"replies":[{"embeddable":true,"href":"https:\/\/www.messinaoggi.it\/website\/wp-json\/wp\/v2\/comments?post=148175"}],"version-history":[{"count":1,"href":"https:\/\/www.messinaoggi.it\/website\/wp-json\/wp\/v2\/posts\/148175\/revisions"}],"predecessor-version":[{"id":148227,"href":"https:\/\/www.messinaoggi.it\/website\/wp-json\/wp\/v2\/posts\/148175\/revisions\/148227"}],"wp:featuredmedia":[{"embeddable":true,"href":"https:\/\/www.messinaoggi.it\/website\/wp-json\/wp\/v2\/media\/148176"}],"wp:attachment":[{"href":"https:\/\/www.messinaoggi.it\/website\/wp-json\/wp\/v2\/media?parent=148175"}],"wp:term":[{"taxonomy":"category","embeddable":true,"href":"https:\/\/www.messinaoggi.it\/website\/wp-json\/wp\/v2\/categories?post=148175"},{"taxonomy":"post_tag","embeddable":true,"href":"https:\/\/www.messinaoggi.it\/website\/wp-json\/wp\/v2\/tags?post=148175"}],"curies":[{"name":"wp","href":"https:\/\/api.w.org\/{rel}","templated":true}]}}