{"id":14808,"date":"2018-01-26T09:39:40","date_gmt":"2018-01-26T08:39:40","guid":{"rendered":"http:\/\/www.messinaoggi.it\/website\/?p=14808"},"modified":"2018-01-26T09:39:40","modified_gmt":"2018-01-26T08:39:40","slug":"niente-assistenza-alla-comunicazione-a-bambino-disabile-comune-condannato-e-commissariato","status":"publish","type":"post","link":"https:\/\/www.messinaoggi.it\/website\/2018\/01\/26\/niente-assistenza-alla-comunicazione-a-bambino-disabile-comune-condannato-e-commissariato\/","title":{"rendered":"Niente assistenza alla comunicazione a bambino disabile, Comune condannato e &quot;commissariato&quot;"},"content":{"rendered":"<p style=\"text-align: justify;\">Toccher\u00e0 al Prefetto fare le veci di commissario ed eseguire le ordinanze del Tar di Catania e colmare cos\u00ec le inadempienze del Comune di Messina. A pagare queste inadempienze \u00e8 stato un bambino\u00a0 affetto da una\u00a0 disabilit\u00e0, che non ha potuto usufruire del servizio di assistenza all\u2019autonomia e comunicazione, un supporto in pi\u00f9 per tutti i bambini e ragazzi disabili durante le ore scolastiche dove potranno contare sull\u2019aiuto di uno specialista.<div id=\"div-gpt-ad-Messinaoggi.it-DSK-300x250-corpoart\" style=\"text-align:center;margin:0 auto;\"><\/div><\/p>\n<p style=\"text-align: justify;\">A decidere le ore settimanali di questo supporto \u00e8 il cos\u00ec detto gruppo misto, formato da un neuropsichiatra, consiglio di classe, docente di sostegno, Comune e famiglia del ragazzo. Proprio su questo passaggio obbligatorio il Comune ha temporeggiato, da qui la prima sentenza a favore della famiglia del ragazzo, rappresentata dall\u2019avvocato Mariachiara Garacci.<div id=\"videoincontent\" style=\"clear:both\";><\/div><\/p>\n<p style=\"text-align: justify;\">La data \u00e8 quella del 15 dicembre 2016, il procedimento riconosceva il diritto del minore\u00a0 \u201cad essere affiancato da un assistente specializzato per la comunicazione, sia per il corrente anno scolastico 20 16 &#8211; 2017, sia per i prossimi anni scolastici e sino a quando sar\u00e0 ritenuta opportuna la necessit\u00e0 di tale figura specialistica\u201d. Inoltre si condanna il Comune a pagare la cifra di 800 euro. Una sentenza che implicitamente ordina al Comune di convocare il gruppo misto, ma con il passar del tempo questo passaggio non viene eseguito.<\/p>\n<p style=\"text-align: justify;\">La famiglia del minore presenta ricorso, cos\u00ec arriva la seconda sentenza contro il Comune decisa il 10 gennaio scorso. Il Tar nomina il Prefetto quale \u201ccommissario \u201cad acta\u201d, che provveder\u00e0 in sostituzione dell\u2019Amministrazione inadempiente, il Prefetto di Messina, con facolt\u00e0 di delega ad altro funzionario del medesimo Ufficio. Il commissario \u201cad acta\u201d provveder\u00e0 nel termine di giorni sessanta decorrente dalla comunicazione in via amministrativa della presente decisione, ovvero dalla sua notifica su istanza di parte se anteriore\u201d. Palazzo Zanca dovr\u00e0 pagare le spese legali, pari a mille euro.<\/p>\n","protected":false},"excerpt":{"rendered":"<p>Toccher\u00e0 al Prefetto fare le veci di commissario ed eseguire le ordinanze del Tar di Catania e colmare cos\u00ec le inadempienze del Comune di Messina. A pagare queste inadempienze \u00e8 stato un bambino\u00a0 affetto da una\u00a0 disabilit\u00e0, che non ha potuto usufruire del servizio di assistenza all\u2019autonomia e comunicazione, un supporto in pi\u00f9 per tutti [&hellip;]<\/p>\n","protected":false},"author":1,"featured_media":10355,"comment_status":"closed","ping_status":"open","sticky":false,"template":"","format":"standard","meta":{"ub_ctt_via":"","_mi_skip_tracking":false},"categories":[4],"tags":[],"featured_image_src":"https:\/\/www.messinaoggi.it\/website\/wp-content\/uploads\/2017\/10\/palazzo-zanca-messinaRRP_1715.jpg","author_info":{"display_name":"admin@admin.com","author_link":"https:\/\/www.messinaoggi.it\/website\/author\/adminadmin-com\/"},"digistream_id":0,"digistream":false,"_links":{"self":[{"href":"https:\/\/www.messinaoggi.it\/website\/wp-json\/wp\/v2\/posts\/14808"}],"collection":[{"href":"https:\/\/www.messinaoggi.it\/website\/wp-json\/wp\/v2\/posts"}],"about":[{"href":"https:\/\/www.messinaoggi.it\/website\/wp-json\/wp\/v2\/types\/post"}],"author":[{"embeddable":true,"href":"https:\/\/www.messinaoggi.it\/website\/wp-json\/wp\/v2\/users\/1"}],"replies":[{"embeddable":true,"href":"https:\/\/www.messinaoggi.it\/website\/wp-json\/wp\/v2\/comments?post=14808"}],"version-history":[{"count":0,"href":"https:\/\/www.messinaoggi.it\/website\/wp-json\/wp\/v2\/posts\/14808\/revisions"}],"wp:featuredmedia":[{"embeddable":true,"href":"https:\/\/www.messinaoggi.it\/website\/wp-json\/wp\/v2\/media\/10355"}],"wp:attachment":[{"href":"https:\/\/www.messinaoggi.it\/website\/wp-json\/wp\/v2\/media?parent=14808"}],"wp:term":[{"taxonomy":"category","embeddable":true,"href":"https:\/\/www.messinaoggi.it\/website\/wp-json\/wp\/v2\/categories?post=14808"},{"taxonomy":"post_tag","embeddable":true,"href":"https:\/\/www.messinaoggi.it\/website\/wp-json\/wp\/v2\/tags?post=14808"}],"curies":[{"name":"wp","href":"https:\/\/api.w.org\/{rel}","templated":true}]}}