{"id":147913,"date":"2023-03-24T13:12:18","date_gmt":"2023-03-24T12:12:18","guid":{"rendered":"http:\/\/www.messinaoggi.it\/website\/?p=147913"},"modified":"2023-03-24T13:12:19","modified_gmt":"2023-03-24T12:12:19","slug":"ora-legale-unsic-a-volerla-tutto-lanno-sempre-piu-italiani","status":"publish","type":"post","link":"https:\/\/www.messinaoggi.it\/website\/2023\/03\/24\/ora-legale-unsic-a-volerla-tutto-lanno-sempre-piu-italiani\/","title":{"rendered":"Ora legale, Unsic: &#8220;a volerla tutto l\u2019anno sempre pi\u00f9 italiani&#8221;"},"content":{"rendered":"\n<p>Oltre due terzi degli imprenditori (67 per cento) sarebbe favorevole a lasciare l\u2019ora legale tutto l\u2019anno. \u00c8 quanto emerge da una ricerca dell\u2019organizzazione datoriale Unsic (con quasi quattromila sedi in tutta Italia) condotta tra i propri associati alla vigilia del ritorno dell\u2019ora legale nella notte tra sabato 25 e domenica 26 marzo. Nel prossimo weekend le lancette dell\u2019orologio andranno spostate un\u2019ora avanti.<div id=\"div-gpt-ad-Messinaoggi.it-DSK-300x250-corpoart\" style=\"text-align:center;margin:0 auto;\"><\/div><\/p>\n\n\n\n<p><br>Il dibattito sulla possibilit\u00e0 di mantenere l\u2019ora legale tutto l\u2019anno, sia per sfruttare ulteriormente i benefici sia per attenuare gli effetti negativi del cambio d\u2019ora, \u00e8 attivo da anni. L\u2019accentuarsi della crisi energetica ed economica ha per\u00f2 ampliato notevolmente il fronte dei favorevoli. Tanto che numerose petizioni riscuotono sempre pi\u00f9 successo.<div id=\"videoincontent\" style=\"clear:both\";><\/div><\/p>\n\n\n\n<p><br>\u201cMantenere l\u2019ora legale tutto l\u2019anno determinerebbe un doppio beneficio: da una parte eviterebbe il cambio d\u2019ora due volte l\u2019anno, che studi scientifici correlano a problemi di salute, per quanto modesti; parallelamente permetterebbe di risparmiare sui consumi energetici, con ricadute benefiche su tutto l\u2019ambiente \u2013 sottolinea <strong>Domenico Mamone, <\/strong>presidente dell\u2019Unsic. \u201cUn altro fattore positivo, che evidenziano i nostri associati, riguarda la spinta al turismo, realt\u00e0 economica sempre pi\u00f9 strategica in tutte le regioni italiane. A ci\u00f2 aggiungerei un quarto elemento, importante in questa fase postpandemica: la possibilit\u00e0 di accrescere le occasioni relazionali, un\u2019esigenza avvertita soprattutto dai pi\u00f9 giovani, che hanno patito in modo drammatico le restrizioni del lungo periodo pandemico\u201d.<\/p>\n\n\n\n<p><\/p>\n","protected":false},"excerpt":{"rendered":"<p>Oltre due terzi degli imprenditori (67 per cento) sarebbe favorevole a lasciare l\u2019ora legale tutto l\u2019anno. \u00c8 quanto emerge da una ricerca dell\u2019organizzazione datoriale Unsic (con quasi quattromila sedi in tutta Italia) condotta tra i propri associati alla vigilia del ritorno dell\u2019ora legale nella notte tra sabato 25 e domenica 26 marzo. Nel prossimo weekend [&hellip;]<\/p>\n","protected":false},"author":15,"featured_media":147930,"comment_status":"open","ping_status":"open","sticky":false,"template":"","format":"standard","meta":{"ub_ctt_via":"","_mi_skip_tracking":false},"categories":[12],"tags":[7177,7178],"featured_image_src":"https:\/\/www.messinaoggi.it\/website\/wp-content\/uploads\/2023\/03\/Unsic-ora-legale.jpeg","author_info":{"display_name":"red.me","author_link":"https:\/\/www.messinaoggi.it\/website\/author\/red-me\/"},"digistream_id":0,"digistream":false,"_links":{"self":[{"href":"https:\/\/www.messinaoggi.it\/website\/wp-json\/wp\/v2\/posts\/147913"}],"collection":[{"href":"https:\/\/www.messinaoggi.it\/website\/wp-json\/wp\/v2\/posts"}],"about":[{"href":"https:\/\/www.messinaoggi.it\/website\/wp-json\/wp\/v2\/types\/post"}],"author":[{"embeddable":true,"href":"https:\/\/www.messinaoggi.it\/website\/wp-json\/wp\/v2\/users\/15"}],"replies":[{"embeddable":true,"href":"https:\/\/www.messinaoggi.it\/website\/wp-json\/wp\/v2\/comments?post=147913"}],"version-history":[{"count":1,"href":"https:\/\/www.messinaoggi.it\/website\/wp-json\/wp\/v2\/posts\/147913\/revisions"}],"predecessor-version":[{"id":147931,"href":"https:\/\/www.messinaoggi.it\/website\/wp-json\/wp\/v2\/posts\/147913\/revisions\/147931"}],"wp:featuredmedia":[{"embeddable":true,"href":"https:\/\/www.messinaoggi.it\/website\/wp-json\/wp\/v2\/media\/147930"}],"wp:attachment":[{"href":"https:\/\/www.messinaoggi.it\/website\/wp-json\/wp\/v2\/media?parent=147913"}],"wp:term":[{"taxonomy":"category","embeddable":true,"href":"https:\/\/www.messinaoggi.it\/website\/wp-json\/wp\/v2\/categories?post=147913"},{"taxonomy":"post_tag","embeddable":true,"href":"https:\/\/www.messinaoggi.it\/website\/wp-json\/wp\/v2\/tags?post=147913"}],"curies":[{"name":"wp","href":"https:\/\/api.w.org\/{rel}","templated":true}]}}