{"id":147900,"date":"2023-03-24T12:17:51","date_gmt":"2023-03-24T11:17:51","guid":{"rendered":"https:\/\/www.messinaoggi.it\/website\/2023\/03\/24\/geraci-siculo-festeggia-nonnina-centenaria-borgo-madonita-in-corsa-per-la-zona-blu\/"},"modified":"2023-03-24T12:17:51","modified_gmt":"2023-03-24T11:17:51","slug":"geraci-siculo-festeggia-nonnina-centenaria-borgo-madonita-in-corsa-per-la-zona-blu","status":"publish","type":"post","link":"https:\/\/www.messinaoggi.it\/website\/2023\/03\/24\/geraci-siculo-festeggia-nonnina-centenaria-borgo-madonita-in-corsa-per-la-zona-blu\/","title":{"rendered":"Geraci Siculo festeggia nonnina centenaria, borgo madonita in corsa per la \u201cZona blu\u201d"},"content":{"rendered":"<div>\n<p>GERACI SICULO (PALERMO) (ITALPRESS) \u2013 Una nuova centenaria a Geraci Siculo, nel Palermitano, che continua la sua tradizione di \u201clongevit\u00e0\u201d degli abitanti. A raggiungere l\u2019importante traguardo dei \u201c100 anni\u201d \u00e8 stata Giovanna Sacco, festeggiata dalla famiglia e dall\u2019intera comunit\u00e0 del borgo madonita con in testa il sindaco Luigi Iuppa.<br \/>A festeggiare la ricorrenza con nonna Giovanna, i figli, il genero, la nuora, i nipoti, i fratelli e le cognate. Oltre al primo cittadino erano presenti il vicesindaco Franco Coco, l\u2019assessore alle politiche sociali Marisa Zafonte e il consigliere comunale Daniela Lo Pizzo. Il sindaco ha consegnato alla nonnina un omaggio floreale e una targa ricordo portando gli auguri sinceri da parte di tutta la comunit\u00e0 di Geraci.<br \/>\u201cGli anziani sono una risorsa preziosa, sono le nostre radici e abbiamo il dovere di tutelarli, curarli e amarli \u2013 ha detto il primo cittadino \u2013 Questo \u00e8 un evento da ricordare per una donna che ha attraversato un secolo di storia della citt\u00e0 di Geraci, un paese in cui il tasso di longevit\u00e0 \u00e8 molto alto\u201d. \u201cGeraci Siculo \u00e8 in corsa per diventare la sesta \u2018zona bl\u00f9 del mondo, ossia una delle zone dove la speranza di vita \u00e8 molto pi\u00f9 elevata che in altre parti del pianeta\u201d, ha sottolineato.<br \/>foto ufficio stampa comune di Geraci Siculo<br \/>(ITALPRESS).<div id=\"div-gpt-ad-Messinaoggi.it-DSK-300x250-corpoart\" style=\"text-align:center;margin:0 auto;\"><\/div><\/p>\n<\/div>\n<div id=\"videoincontent\" style=\"clear:both\";><\/div>","protected":false},"excerpt":{"rendered":"<p>GERACI SICULO (PALERMO) (ITALPRESS) \u2013 Una nuova centenaria a Geraci Siculo, nel Palermitano, che continua la sua tradizione di \u201clongevit\u00e0\u201d degli abitanti. A raggiungere l\u2019importante traguardo dei \u201c100 anni\u201d \u00e8 stata Giovanna Sacco, festeggiata dalla famiglia e dall\u2019intera comunit\u00e0 del borgo madonita con in testa il sindaco Luigi Iuppa.A festeggiare la ricorrenza con nonna Giovanna, [&hellip;]<\/p>\n","protected":false},"author":18,"featured_media":147901,"comment_status":"closed","ping_status":"closed","sticky":false,"template":"","format":"standard","meta":{"ub_ctt_via":"","_mi_skip_tracking":false},"categories":[2449],"tags":[783],"featured_image_src":"https:\/\/www.messinaoggi.it\/website\/wp-content\/uploads\/2023\/03\/20230324_0451.jpg","author_info":{"display_name":"Admin","author_link":"https:\/\/www.messinaoggi.it\/website\/author\/admin\/"},"digistream_id":0,"digistream":false,"_links":{"self":[{"href":"https:\/\/www.messinaoggi.it\/website\/wp-json\/wp\/v2\/posts\/147900"}],"collection":[{"href":"https:\/\/www.messinaoggi.it\/website\/wp-json\/wp\/v2\/posts"}],"about":[{"href":"https:\/\/www.messinaoggi.it\/website\/wp-json\/wp\/v2\/types\/post"}],"author":[{"embeddable":true,"href":"https:\/\/www.messinaoggi.it\/website\/wp-json\/wp\/v2\/users\/18"}],"replies":[{"embeddable":true,"href":"https:\/\/www.messinaoggi.it\/website\/wp-json\/wp\/v2\/comments?post=147900"}],"version-history":[{"count":0,"href":"https:\/\/www.messinaoggi.it\/website\/wp-json\/wp\/v2\/posts\/147900\/revisions"}],"wp:featuredmedia":[{"embeddable":true,"href":"https:\/\/www.messinaoggi.it\/website\/wp-json\/wp\/v2\/media\/147901"}],"wp:attachment":[{"href":"https:\/\/www.messinaoggi.it\/website\/wp-json\/wp\/v2\/media?parent=147900"}],"wp:term":[{"taxonomy":"category","embeddable":true,"href":"https:\/\/www.messinaoggi.it\/website\/wp-json\/wp\/v2\/categories?post=147900"},{"taxonomy":"post_tag","embeddable":true,"href":"https:\/\/www.messinaoggi.it\/website\/wp-json\/wp\/v2\/tags?post=147900"}],"curies":[{"name":"wp","href":"https:\/\/api.w.org\/{rel}","templated":true}]}}