{"id":14781,"date":"2018-01-25T12:09:21","date_gmt":"2018-01-25T11:09:21","guid":{"rendered":"http:\/\/www.messinaoggi.it\/website\/?p=14781"},"modified":"2018-01-25T12:09:21","modified_gmt":"2018-01-25T11:09:21","slug":"sciagura-ferroviaria-di-milano-malaponti-vicini-ai-pendolari-impensabile-morire-per-andare-a-lavoro","status":"publish","type":"post","link":"https:\/\/www.messinaoggi.it\/website\/2018\/01\/25\/sciagura-ferroviaria-di-milano-malaponti-vicini-ai-pendolari-impensabile-morire-per-andare-a-lavoro\/","title":{"rendered":"Sciagura ferroviaria di Milano, Malaponti: &quot;Vicini ai pendolari, impensabile morire per andare a lavoro&quot;"},"content":{"rendered":"<p>Mentre si aggrava il bilancio delle vittime dell&#8217;incidente ferroviario avvenuto questa mattina alle porte di Milano (3 morti e 10 feriti gravi) ed in attesa che gli organismi competenti accertino le responsabilit\u00e0 sull&#8217;accaduto, le organizzazioni sindacali chiedono un incontro urgente con le aziende di trasporto ferroviario coinvolte e Regione Lombardia per fare al pi\u00f9 presto chiarezza sulla dinamica dell&#8217;accaduto, per evitare che tali drammatici episodi si ripetano.<br \/>\nNon mancano le polemiche e le reazioni davanti ad una simile tragedia, ma il primo a restare con i piedi per terra \u00e8 il presidente del Comitato dei pendolari, Giosu\u00e8 Malaponti, che da anni si batte in Sicilia per denunciare le inadempienze del trasporto ferroviario. &#8220;Impensabile morire per andare a lavorare, il mio pensiero \u00e8 alle famiglie &#8211; afferma Malaponti &#8211; \u00e8 prematuro dare giudizi, sar\u00e0 la magistratura ad accertare cause ed eventuali responsabilit\u00e0.<br \/>\nDi sicuro qualcosa non ha funzionato, pare che l&#8217;incidente sia stato causato dal cedimento dei vagoni centrali, ma ripeto \u00e8 presto per stabilire le reali cause del deragliamento. Da anni ci battiamo per la sicurezza &#8211; conclude Malaponti &#8211; ma l&#8217;incidente ci pu\u00f2 stare, succede in auto, in pullman e purtroppo pu\u00f2 accadere anche in treno&#8221;.<br \/>\n <br \/>\n <div id=\"div-gpt-ad-Messinaoggi.it-DSK-300x250-corpoart\" style=\"text-align:center;margin:0 auto;\"><\/div><\/p>\n<div id=\"videoincontent\" style=\"clear:both\";><\/div>","protected":false},"excerpt":{"rendered":"<p>Mentre si aggrava il bilancio delle vittime dell&#8217;incidente ferroviario avvenuto questa mattina alle porte di Milano (3 morti e 10 feriti gravi) ed in attesa che gli organismi competenti accertino le responsabilit\u00e0 sull&#8217;accaduto, le organizzazioni sindacali chiedono un incontro urgente con le aziende di trasporto ferroviario coinvolte e Regione Lombardia per fare al pi\u00f9 presto [&hellip;]<\/p>\n","protected":false},"author":2,"featured_media":14783,"comment_status":"closed","ping_status":"open","sticky":false,"template":"","format":"standard","meta":{"ub_ctt_via":"","_mi_skip_tracking":false},"categories":[11],"tags":[],"featured_image_src":"https:\/\/www.messinaoggi.it\/website\/wp-content\/uploads\/2018\/01\/treno-deragliato-a-milano-1.jpg","author_info":{"display_name":"Redazione","author_link":"https:\/\/www.messinaoggi.it\/website\/author\/redazione\/"},"digistream_id":0,"digistream":false,"_links":{"self":[{"href":"https:\/\/www.messinaoggi.it\/website\/wp-json\/wp\/v2\/posts\/14781"}],"collection":[{"href":"https:\/\/www.messinaoggi.it\/website\/wp-json\/wp\/v2\/posts"}],"about":[{"href":"https:\/\/www.messinaoggi.it\/website\/wp-json\/wp\/v2\/types\/post"}],"author":[{"embeddable":true,"href":"https:\/\/www.messinaoggi.it\/website\/wp-json\/wp\/v2\/users\/2"}],"replies":[{"embeddable":true,"href":"https:\/\/www.messinaoggi.it\/website\/wp-json\/wp\/v2\/comments?post=14781"}],"version-history":[{"count":0,"href":"https:\/\/www.messinaoggi.it\/website\/wp-json\/wp\/v2\/posts\/14781\/revisions"}],"wp:featuredmedia":[{"embeddable":true,"href":"https:\/\/www.messinaoggi.it\/website\/wp-json\/wp\/v2\/media\/14783"}],"wp:attachment":[{"href":"https:\/\/www.messinaoggi.it\/website\/wp-json\/wp\/v2\/media?parent=14781"}],"wp:term":[{"taxonomy":"category","embeddable":true,"href":"https:\/\/www.messinaoggi.it\/website\/wp-json\/wp\/v2\/categories?post=14781"},{"taxonomy":"post_tag","embeddable":true,"href":"https:\/\/www.messinaoggi.it\/website\/wp-json\/wp\/v2\/tags?post=14781"}],"curies":[{"name":"wp","href":"https:\/\/api.w.org\/{rel}","templated":true}]}}