{"id":147781,"date":"2023-03-23T17:00:20","date_gmt":"2023-03-23T16:00:20","guid":{"rendered":"http:\/\/www.messinaoggi.it\/website\/?p=147781"},"modified":"2023-03-23T17:14:04","modified_gmt":"2023-03-23T16:14:04","slug":"operaio-muore-a-maregrosso","status":"publish","type":"post","link":"https:\/\/www.messinaoggi.it\/website\/2023\/03\/23\/operaio-muore-a-maregrosso\/","title":{"rendered":"Operaio muore a Maregrosso"},"content":{"rendered":"\n<p>Un operaio di 53 anni, Giacomo Marcimino, \u00e8 morto in un incidente avvenuto questa mattina in un cantiere a Maregrosso. Per motivi ancora da accertare sarebbe stato colpito alla testa da una pressa che stava per essere caricata su un un mezzo pesante. Marcimino \u00e8 stato trasferito al Policlinico, dove per\u00f2 \u00e8 arrivato morto. Sulla vicenda indaga la polizia.<div id=\"div-gpt-ad-Messinaoggi.it-DSK-300x250-corpoart\" style=\"text-align:center;margin:0 auto;\"><\/div><\/p>\n<div id=\"videoincontent\" style=\"clear:both\";><\/div>","protected":false},"excerpt":{"rendered":"<p>Un operaio di 53 anni, Giacomo Marcimino, \u00e8 morto in un incidente avvenuto questa mattina in un cantiere a Maregrosso. Per motivi ancora da accertare sarebbe stato colpito alla testa da una pressa che stava per essere caricata su un un mezzo pesante. Marcimino \u00e8 stato trasferito al Policlinico, dove per\u00f2 \u00e8 arrivato morto. Sulla [&hellip;]<\/p>\n","protected":false},"author":4,"featured_media":147787,"comment_status":"open","ping_status":"open","sticky":false,"template":"","format":"standard","meta":{"ub_ctt_via":"","_mi_skip_tracking":false},"categories":[19],"tags":[7168,3239,3230],"featured_image_src":"https:\/\/www.messinaoggi.it\/website\/wp-content\/uploads\/2023\/03\/IMG-20230323-WA0023.jpg","author_info":{"display_name":"redme","author_link":"https:\/\/www.messinaoggi.it\/website\/author\/redme\/"},"digistream_id":0,"digistream":false,"_links":{"self":[{"href":"https:\/\/www.messinaoggi.it\/website\/wp-json\/wp\/v2\/posts\/147781"}],"collection":[{"href":"https:\/\/www.messinaoggi.it\/website\/wp-json\/wp\/v2\/posts"}],"about":[{"href":"https:\/\/www.messinaoggi.it\/website\/wp-json\/wp\/v2\/types\/post"}],"author":[{"embeddable":true,"href":"https:\/\/www.messinaoggi.it\/website\/wp-json\/wp\/v2\/users\/4"}],"replies":[{"embeddable":true,"href":"https:\/\/www.messinaoggi.it\/website\/wp-json\/wp\/v2\/comments?post=147781"}],"version-history":[{"count":1,"href":"https:\/\/www.messinaoggi.it\/website\/wp-json\/wp\/v2\/posts\/147781\/revisions"}],"predecessor-version":[{"id":147782,"href":"https:\/\/www.messinaoggi.it\/website\/wp-json\/wp\/v2\/posts\/147781\/revisions\/147782"}],"wp:featuredmedia":[{"embeddable":true,"href":"https:\/\/www.messinaoggi.it\/website\/wp-json\/wp\/v2\/media\/147787"}],"wp:attachment":[{"href":"https:\/\/www.messinaoggi.it\/website\/wp-json\/wp\/v2\/media?parent=147781"}],"wp:term":[{"taxonomy":"category","embeddable":true,"href":"https:\/\/www.messinaoggi.it\/website\/wp-json\/wp\/v2\/categories?post=147781"},{"taxonomy":"post_tag","embeddable":true,"href":"https:\/\/www.messinaoggi.it\/website\/wp-json\/wp\/v2\/tags?post=147781"}],"curies":[{"name":"wp","href":"https:\/\/api.w.org\/{rel}","templated":true}]}}