{"id":147779,"date":"2023-03-23T16:47:54","date_gmt":"2023-03-23T15:47:54","guid":{"rendered":"https:\/\/www.messinaoggi.it\/website\/2023\/03\/23\/universita-messina-bernini-inaugura-anno-accademico\/"},"modified":"2023-03-23T16:47:54","modified_gmt":"2023-03-23T15:47:54","slug":"universita-messina-bernini-inaugura-anno-accademico","status":"publish","type":"post","link":"https:\/\/www.messinaoggi.it\/website\/2023\/03\/23\/universita-messina-bernini-inaugura-anno-accademico\/","title":{"rendered":"Universit\u00e0 Messina, Bernini inaugura anno accademico"},"content":{"rendered":"<div>\n<p>MESSINA (ITALPRESS) \u2013 Sono oltre 1700 gli studenti stranieri che frequentano l\u2019Universit\u00e0 di Messina che si colloca tra le prime in Italia per accoglienza internazionale. \u201cAbbiamo aumentato anche il numero di studenti di dottorato a 500 unit\u00e0 \u2013 ha detto il rettore Salvatore Cuzzocrea, in occasione dell\u2019inaugurazione dell\u2019anno accademico \u2013 avviato 17 nuovi corsi di laurea e raddoppiato il numero di brevetti e startup; sono in corso progetti su bandi competitivi per un valore di oltre 5 milioni di euro\u201d.<br \/>L\u2019Universit\u00e0 di Messina ha anche puntato sulla parit\u00e0 di genere approvando il \u201cbilancio di genere\u201d, strumento di gender mainstreaming fondamentale per promuovere l\u2019uguaglianza di genere tra le diverse componenti che formano il corpo d\u2019ateneo. <br \/>Alla cerimonia, che segna il 475esimo anno dalla fondazione dell\u2019ateneo messinese, hanno preso parte tra gli altri, il ministro dell\u2019Universit\u00e0 e della Ricerca Anna Maria Bernini, l\u2019imprenditrice Diana Bracco presentata nella laudatio dall\u2019ex ministro del Miur Maria Cristina Messa e i rappresentanti degli studenti Simona Calabrese e la giovane iraniana Sara Borji. <br \/>\u201cL\u2019ambizione dell\u2019Universit\u00e0 di Messina \u00e8 essere riconosciuta, in Italia e all\u2019estero come una Research University \u2013 ha evidenziato il rettore \u2013 una ricerca che deve indagare i limiti del proprio operato, quelli che non pu\u00f2 e non deve superare, in equilibrio tra i bisogni dell\u2019individuo, della collettivit\u00e0 e dell\u2019ambiente. Non meno importanti, per questo motivo, sono state le attivit\u00e0 in tema di sostenibilit\u00e0, nei confronti del quale l\u2019Ateneo ha profuso un costante impegno orientato su pi\u00f9 direzioni\u201d.<br \/>L\u2019evento ha avuto inizio con la lettura di un messaggio firmato dal Cardinale Pietro Parolin, segretario di Stato di Papa Francesco, in cui si esortano coloro che svolgono la missione educativa \u201ca proseguire con rinnovato spirito di dedizione nella formazione integrale dei giovani, affinch\u00e8 siano essi stessi artefici della costruzione di una societ\u00e0 accogliente e fraterna, aperta al dialogo costruttivo e promotrice dei valori cristiani\u201d. <br \/>Il rettore ha poi parlato degli importanti investimenti sul fronte dell\u2019edilizia: dagli spazi verdi del Rettorato a Palazzo Mariani, dal Dipartimento di Civilt\u00e0 Antiche e Moderne alla Banca d\u2019Italia: \u201cAbbiamo avviato e completato, in piena pandemia, decine di cantieri, oggi disponiamo del Primo Student Hotel (il Liberty) dotato di 102 posti letto), di una nuova residenza per studenti (Hotel Riviera) dotato di 100 posti letto e di una residenza all\u2019interno del Policlinico universitario che ospiter\u00e0 circa 200 studenti\u201d. <br \/>\u201cPer ridurre il gap tra Universit\u00e0 del Nord e del Sud occorre creare una sorta di Erasmus italiano cos\u00ec da garantire una mobilit\u00e0 degli studenti dal Meridione al Settentrione e viceversa, dando una doppia qualificazione, facendo in modo che gli atenei coordino le offerte formative e gli studenti si possano trasferire\u201d, ha sottolineato il ministro dell\u2019Universit\u00e0 e della Ricerca, Anna Maria Bernini, a Messina per l\u2019inaugurazione dell\u2019anno accademico dell\u2019Ateneo, nell\u2019aula magna di Scienze, alla presenza del rettore Salvatore Cuzzocrea, che ricopre anche il ruolo di presidente della CRUI, la conferenza dei rettori italiani.<br \/>\u201cAbbiamo stanziato 500 milioni sulle borse di studio e 300 milioni sulle residenze universitarie e continueremo a farlo \u2013 ha aggiunto Bernini -, la mobilit\u00e0 anche in questo caso deve essere sostenibile, gli studenti che non possono permettersi un ciclo di studi fuori dalla loro Regione di residenza devono essere supportati. L\u2019Erasmus italiano \u00e8 l\u2019unico modo per potere drenare il gap tra Nord e Sud\u201d.<br \/>foto xd9 Italpress <br \/>(ITALPRESS).<div id=\"div-gpt-ad-Messinaoggi.it-DSK-300x250-corpoart\" style=\"text-align:center;margin:0 auto;\"><\/div><\/p>\n<\/div>\n<div id=\"videoincontent\" style=\"clear:both\";><\/div>","protected":false},"excerpt":{"rendered":"<p>MESSINA (ITALPRESS) \u2013 Sono oltre 1700 gli studenti stranieri che frequentano l\u2019Universit\u00e0 di Messina che si colloca tra le prime in Italia per accoglienza internazionale. \u201cAbbiamo aumentato anche il numero di studenti di dottorato a 500 unit\u00e0 \u2013 ha detto il rettore Salvatore Cuzzocrea, in occasione dell\u2019inaugurazione dell\u2019anno accademico \u2013 avviato 17 nuovi corsi di [&hellip;]<\/p>\n","protected":false},"author":18,"featured_media":147780,"comment_status":"closed","ping_status":"closed","sticky":false,"template":"","format":"standard","meta":{"ub_ctt_via":"","_mi_skip_tracking":false},"categories":[2449],"tags":[783],"featured_image_src":"https:\/\/www.messinaoggi.it\/website\/wp-content\/uploads\/2023\/03\/20230323_1745.jpg","author_info":{"display_name":"Admin","author_link":"https:\/\/www.messinaoggi.it\/website\/author\/admin\/"},"digistream_id":0,"digistream":false,"_links":{"self":[{"href":"https:\/\/www.messinaoggi.it\/website\/wp-json\/wp\/v2\/posts\/147779"}],"collection":[{"href":"https:\/\/www.messinaoggi.it\/website\/wp-json\/wp\/v2\/posts"}],"about":[{"href":"https:\/\/www.messinaoggi.it\/website\/wp-json\/wp\/v2\/types\/post"}],"author":[{"embeddable":true,"href":"https:\/\/www.messinaoggi.it\/website\/wp-json\/wp\/v2\/users\/18"}],"replies":[{"embeddable":true,"href":"https:\/\/www.messinaoggi.it\/website\/wp-json\/wp\/v2\/comments?post=147779"}],"version-history":[{"count":0,"href":"https:\/\/www.messinaoggi.it\/website\/wp-json\/wp\/v2\/posts\/147779\/revisions"}],"wp:featuredmedia":[{"embeddable":true,"href":"https:\/\/www.messinaoggi.it\/website\/wp-json\/wp\/v2\/media\/147780"}],"wp:attachment":[{"href":"https:\/\/www.messinaoggi.it\/website\/wp-json\/wp\/v2\/media?parent=147779"}],"wp:term":[{"taxonomy":"category","embeddable":true,"href":"https:\/\/www.messinaoggi.it\/website\/wp-json\/wp\/v2\/categories?post=147779"},{"taxonomy":"post_tag","embeddable":true,"href":"https:\/\/www.messinaoggi.it\/website\/wp-json\/wp\/v2\/tags?post=147779"}],"curies":[{"name":"wp","href":"https:\/\/api.w.org\/{rel}","templated":true}]}}