{"id":147616,"date":"2023-03-22T15:40:35","date_gmt":"2023-03-22T14:40:35","guid":{"rendered":"http:\/\/www.messinaoggi.it\/website\/?p=147616"},"modified":"2023-03-22T15:42:31","modified_gmt":"2023-03-22T14:42:31","slug":"policlinico-rettore-infuocato-e-mai-visto-contro-tutti","status":"publish","type":"post","link":"https:\/\/www.messinaoggi.it\/website\/2023\/03\/22\/policlinico-rettore-infuocato-e-mai-visto-contro-tutti\/","title":{"rendered":"Policlinico: Rettore infuocato e mai visto, contro tutti"},"content":{"rendered":"\n<p>Un Rettore infuocato alla Conferenza stampa indetta per trattare i lavori di ristrutturazione del Policlinico. Ne ha per tutti <strong>Salvatore Cuzzocrea. <\/strong>Sindacalisti, giornalisti e politici. Chiunque, secondo il suo punto di vista, ha con le sue azioni fermato o rallentato il lavoro da lui svolto. Cuzzocrea rivendica in questi anni a capo dell\u2019Ateneo Messinese di aver dato \u201cesempi di cose fatte\u201d. Ed \u00e8 critico nei confronti di suoi predecessori che \u201channo usato l\u2019Universit\u00e0 per fare politica\u201d. \u201cIo non faccio politica\u201d ha affermato. E ha detto \u201cNon posso sperare che la politica sia messa fuori dalla Sanit\u00e0, ma dall\u2019Universit\u00e0 si\u201d. Un Rettore mai visto cos\u00ec, che qualcuno ha avvicinato all\u2019ex Presidente della Repubblica <em><strong>Francesco Cossiga<\/strong>, <\/em>o a <strong><em>Cateno De Luca.<\/em><\/strong><div id=\"div-gpt-ad-Messinaoggi.it-DSK-300x250-corpoart\" style=\"text-align:center;margin:0 auto;\"><\/div><\/p>\n\n\n\n<p>Cuzzocrea ha voluto chiarire quest\u2019oggi i rapporti tra Universit\u00e0, Regione e Direzione aziendale del Policlinico. Ha esordito \u201cAbbiamo rafforzato il ruolo dell\u2019Universit\u00e0 nel Policlinico!\u201d. Ha anche chiarito \u201cIl direttore generale del Policlinico non risponde al Rettore, ma all\u2019assessore alla Sanit\u00e0\u201d Ed ha tracciato lo stato di tutta una serie di questioni.<div id=\"videoincontent\" style=\"clear:both\";><\/div><\/p>\n\n\n\n<h2><strong>Policlinico: Rettore infuocato e mai visto, contro tutti. Il punto sul tetto di spesa.<\/strong><\/h2>\n\n\n\n<p>Innanzitutto quella del tetto di spesa riservato al Policlinico. Cuzzocrea brucia tutti e rivendica il merito dei 4 milioni che l\u2019Assessora regionale alla Sanit\u00e0 Giovanna Volo ha attribuito all\u2019Azienda Ospedaliera Universitaria, aumentandone le capacit\u00e0 di spesa. Il tetto fissato precedentemente \u201cera sbagliato\u201d ha affermato il Rettore. Oggi \u00e8 stabilito a 90 milioni, ma non basta per il Magnifico. \u201cTorneremo a Palermo per arrivare a 100\u201d. Ha raccontato l\u2019excursus. Si partiva dai 70 milioni al suo arrivo, assegnati dall\u2019ex assessore Baldo Gucciardi. Una cifra inadeguata a coprire la pianta organica e i bisogni dell\u2019Universit\u00e0 secondo Cuzzocrea. L\u2019Assessore Ruggero Razza li porta a 80 prima, poi a 86 lo scorso anno. Comunque \u201cC\u2019\u00e8 un impegno del Governo Schifani a portare avanti l\u2019adeguamento. \u2013 rassicura &#8211; La responsabilit\u00e0, non \u00e8 della Giunta Musumeci, che si \u00e8 ritrovata un tetto di spesa sbagliato\u201d.<\/p>\n\n\n\n<figure class=\"wp-block-image size-large\"><img loading=\"lazy\" width=\"1024\" height=\"545\" src=\"http:\/\/www.messinaoggi.it\/website\/wp-content\/uploads\/2023\/03\/Policlinico-Rettore-infuocato-1024x545.png\" alt=\"Policlinico: Rettore infuocato\" class=\"wp-image-147621\" srcset=\"https:\/\/www.messinaoggi.it\/website\/wp-content\/uploads\/2023\/03\/Policlinico-Rettore-infuocato-1024x545.png 1024w, https:\/\/www.messinaoggi.it\/website\/wp-content\/uploads\/2023\/03\/Policlinico-Rettore-infuocato-300x160.png 300w, https:\/\/www.messinaoggi.it\/website\/wp-content\/uploads\/2023\/03\/Policlinico-Rettore-infuocato-768x409.png 768w, https:\/\/www.messinaoggi.it\/website\/wp-content\/uploads\/2023\/03\/Policlinico-Rettore-infuocato.png 1468w\" sizes=\"(max-width: 1024px) 100vw, 1024px\" \/><figcaption><strong>Il Rettore Cuzzocrea in aula Senato ne ha per tutti.<\/strong><\/figcaption><\/figure>\n\n\n\n<h2><strong>Il punto sui lavori del Policlinico.<\/strong><\/h2>\n\n\n\n<p>Per quanto riguarda i lavori al Policlinico ha chiarito: &#8220;Credo che quel cantiere sia inaccettabile per come \u00e8 stato gestito, e per le false promesse date, l&#8217;avevo detto che quel modo di gestire un appalto non avrebbe portato nessun risultato. Ho grande fiducia nel nuovo Soggetto attuatore nominato dalla Regione Siciliana che sento regolarmente in quanto titolare dell&#8217;immobile. Servono risorse finanziarie, mi \u00e8 stato detto che le troveranno, mi hanno ribadito che ci saranno certamente. In questo momento il cantiere \u00e8 fermo e questo mi preoccupa molto. l\u2019ex assessore Razza si \u00e8 recato al Policlinico su mia insistenza e ha preso un impegno. Io gli ho spiegato che i tempi da loro stimati per i lavori non erano compatibili con lo stato delle cose, ci hanno persino preso in giro dicendo che erano ripartiti i lavori, due giorni dopo per\u00f2 di nuovo tutto fermo. Dal mio punto di vista, se vanno avanti rapidamente, credo ci voglia non meno di un anno e mezzo&#8221;.<\/p>\n\n\n\n<p>Su chi ha la competenza dei lavori spiega: \u201cLa manutenzione ordinaria e straordinaria compete alla Regione, che finora non ha fatto nulla.\u201d<\/p>\n\n\n\n<h2><strong>Policlinico sar\u00e0 Irccs?<\/strong><\/h2>\n\n\n\n<p>Ma il Policlinico diventer\u00e0 un Irccs? \u201cLa competenza \u00e8 della Regione, che deve trasmettere le carte al Ministero. Inviai le carte io al Ministero, sbagliando di proposito e mi dissero che spettava appunto a loro farlo. Poco dopo la Regione si \u00e8 mossa, guarda caso. La pratica era rimasta ferma un anno e mezzo nella scrivania di un dirigente regionale. Intanto abbiamo perso parecchi fondi\u201d.<\/p>\n\n\n\n<h2><strong>Policlinico: Rettore infuocato tira sassolini e picconate.<\/strong><\/h2>\n\n\n\n<p>Si toglie, nel frattempo, tanti sassolini dalla scarpa il Rettore, su altri temi riguardanti ancora il Policlinico, con questo piglio infuocato e con il tono della voce veemente e arrabbiato, come nessuno se lo attendeva:<\/p>\n\n\n\n<p>\u201cDove sono finiti i soldi che la Banca d\u2019Italia ha stanziato per il Policlinico e che fine hanno fatto i progetti? E quelli dello Spallanzanino?\u201d Chiede ad alta voce.<\/p>\n\n\n\n<p>Rivendica che \u00e8 in fase di definizione un reparto nuovo al Padiglione F del Policlinico. E che \u00e8 \u201calla firma della Corte dei Conti il finanziamento di 24 milioni di euro per ristrutturare tutte le sale operatorie del Policlinico, ottenuto dall\u2019Universit\u00e0\u201d. In merito a ci\u00f2, in passato spiega \u201cho chiesto a Razza in merito a un cofinanziamento di 8 milioni ma non ho ottenuto nessuna risposta\u201d e si chiede \u201cdevo trovarli io?\u201d.<\/p>\n\n\n\n<p>Ed ancora: \u201cHo stanziato 2 milioni e mezzo per il piano -1 del Pronto soccorso, cosa che avrebbero dovuto fare altri. In quattro mesi saranno completati i lavori. I nostri pazienti non possono fare attesa perch\u00e9 qualcuno deve ancora finire il Pronto soccorso.\u201d.<\/p>\n\n\n\n<p>Cita infine la vicenda della Brest Unit del Policlinico.<\/p>\n\n\n\n<p>\u201cLa legge dice che le donne che devono fare un intervento al seno hanno diritto a un percorso dedicato con psicologi ed altri presidi. Nel 2017 \u00e8 stata bocciata la Brest Unit del Policlinico. Bocciata perch\u00e9 in merito, nelle carte, c\u2019era una lista piena di manca, manca..  Faremo, faremo rispondeva la Dirigenza aziendale. Peccato che poi qualcun altro ha fatto\u201d.<\/p>\n\n\n\n<p>Riguardo tutto ci\u00f2 che \u00e8 andato in porto, in sostanza, si prende i meriti: \u201cTutto quello che \u00e8 stato fatto \u00e8 stato realizzato perch\u00e9 io ho trovato le risorse, con risorse dell\u2019Universit\u00e0 e non della Regione. Se lo ho fatto e mi faccio tutte queste domande \u00e8 perch\u00e9 sono titolare di questi immobili. Sono immobili dell\u2019Universit\u00e0 e li devo tutelare\u201d.<\/p>\n\n\n\n<p><strong>Michele Bruno.<\/strong><\/p>\n","protected":false},"excerpt":{"rendered":"<p>Un Rettore infuocato alla Conferenza stampa indetta per trattare i lavori di ristrutturazione del Policlinico. Ne ha per tutti Salvatore Cuzzocrea. Sindacalisti, giornalisti e politici. Chiunque, secondo il suo punto di vista, ha con le sue azioni fermato o rallentato il lavoro da lui svolto. Cuzzocrea rivendica in questi anni a capo dell\u2019Ateneo Messinese di [&hellip;]<\/p>\n","protected":false},"author":123457,"featured_media":147620,"comment_status":"open","ping_status":"open","sticky":false,"template":"","format":"standard","meta":{"ub_ctt_via":"","_mi_skip_tracking":false},"categories":[19],"tags":[5526,7158,1932,757,1817,1752,1607,7159,814],"featured_image_src":"https:\/\/www.messinaoggi.it\/website\/wp-content\/uploads\/2023\/03\/Policlinico-Rettore-infuocato-2.png","author_info":{"display_name":"Michele Bruno","author_link":"https:\/\/www.messinaoggi.it\/website\/author\/michele-bruno\/"},"digistream_id":0,"digistream":false,"_links":{"self":[{"href":"https:\/\/www.messinaoggi.it\/website\/wp-json\/wp\/v2\/posts\/147616"}],"collection":[{"href":"https:\/\/www.messinaoggi.it\/website\/wp-json\/wp\/v2\/posts"}],"about":[{"href":"https:\/\/www.messinaoggi.it\/website\/wp-json\/wp\/v2\/types\/post"}],"author":[{"embeddable":true,"href":"https:\/\/www.messinaoggi.it\/website\/wp-json\/wp\/v2\/users\/123457"}],"replies":[{"embeddable":true,"href":"https:\/\/www.messinaoggi.it\/website\/wp-json\/wp\/v2\/comments?post=147616"}],"version-history":[{"count":4,"href":"https:\/\/www.messinaoggi.it\/website\/wp-json\/wp\/v2\/posts\/147616\/revisions"}],"predecessor-version":[{"id":147622,"href":"https:\/\/www.messinaoggi.it\/website\/wp-json\/wp\/v2\/posts\/147616\/revisions\/147622"}],"wp:featuredmedia":[{"embeddable":true,"href":"https:\/\/www.messinaoggi.it\/website\/wp-json\/wp\/v2\/media\/147620"}],"wp:attachment":[{"href":"https:\/\/www.messinaoggi.it\/website\/wp-json\/wp\/v2\/media?parent=147616"}],"wp:term":[{"taxonomy":"category","embeddable":true,"href":"https:\/\/www.messinaoggi.it\/website\/wp-json\/wp\/v2\/categories?post=147616"},{"taxonomy":"post_tag","embeddable":true,"href":"https:\/\/www.messinaoggi.it\/website\/wp-json\/wp\/v2\/tags?post=147616"}],"curies":[{"name":"wp","href":"https:\/\/api.w.org\/{rel}","templated":true}]}}