{"id":147607,"date":"2023-03-22T14:17:54","date_gmt":"2023-03-22T13:17:54","guid":{"rendered":"https:\/\/www.messinaoggi.it\/website\/2023\/03\/22\/la-caritas-dona-alimenti-alla-moschea-catania-e-modello-di-convivenza-pacifica\/"},"modified":"2023-03-22T14:17:54","modified_gmt":"2023-03-22T13:17:54","slug":"la-caritas-dona-alimenti-alla-moschea-catania-e-modello-di-convivenza-pacifica","status":"publish","type":"post","link":"https:\/\/www.messinaoggi.it\/website\/2023\/03\/22\/la-caritas-dona-alimenti-alla-moschea-catania-e-modello-di-convivenza-pacifica\/","title":{"rendered":"La Caritas dona alimenti alla Moschea, \u201cCatania \u00e8 modello di convivenza pacifica\u201d"},"content":{"rendered":"<div>\n<p>CATANIA (ITALPRESS) \u2013 I volontari della Caritas Diocesana di Catania, in vista dell\u2019inizio del Ramadan, hanno consegnato una sostanziosa donazione di beni alimentari di prima necessit\u00e0 alla Moschea della Misericordia di piazza Cutelli. <br \/>\u201cUn segno simbolico e concreto per esprimere vicinanza e rispetto nei confronti di quei musulmani che non potranno usufruire della mensa dell\u2019Help Center della Stazione Centrale per l\u2019astensione dal cibo dall\u2019alba al tramonto praticata nel corso del mese sacro\u201d, \u00e8 stato sottolineato a margine della consegna. <br \/>Un momento di grande importanza per le due comunit\u00e0 religiose che trova nelle parole di Don Piero Galvano, direttore della Caritas Diocesana di Catania, il senso di un rapporto consolidato: \u201cOgni anno vogliamo rinnovare questo gesto, in occasione del Ramadan, per rafforzare l\u2019amicizia e la fratellanza con la Comunit\u00e0 Musulmana di Catania e testimoniare a tutti che \u00e8 possibile la convivenza pacifica tra i popoli nel rispetto reciproco delle diversit\u00e0 culturali e religiose\u201d. <br \/>Un messaggio di accoglienza che si traduce nel sostegno fornito ai circa ottanta quotidiani frequentatori musulmani della mensa dell\u2019Help Center della Stazione Centrale impossibilitati a usufruire del servizio dati gli orari quotidiani di preparazione e distribuzione dei pasti. I beni donati dalla Caritas saranno distribuiti dai volontari della Moschea della Misericordia per essere poi consumati negli orari consentiti dal periodo di Ramadan. La donazione della Caritas comprende diversi beni di prima necessit\u00e0: pasta, legumi, confezioni di minestrone, polpa di pomodoro, farina, zucchero, olio d\u2019oliva, biscotti, riso, caff\u00e8.  <br \/>Kheit Abdelhafid, Imam della Moschea, ribadisce l\u2019importanza di un gesto che racchiude molteplici significati: \u201cE\u2019 importante sentire la vicinanza dei nostri fratelli all\u2019inizio di questo benedetto mese ed \u00e8 motivo di onore e orgoglio sapere che questo rapporto prosegue e rende Catania un modello di fratellanza e dialogo fondato sul rispetto reciproco per la Sicilia, per il resto d\u2019Italia e anche per l\u2019Europa\u201d. <br \/>foto ufficio stampa Caritas Catania, da sinistra don Piero Galvano, Kheit Abdelhafid e Salvo Pappalardo<br \/>(ITALPRESS).<div id=\"div-gpt-ad-Messinaoggi.it-DSK-300x250-corpoart\" style=\"text-align:center;margin:0 auto;\"><\/div><\/p>\n<\/div>\n<div id=\"videoincontent\" style=\"clear:both\";><\/div>","protected":false},"excerpt":{"rendered":"<p>CATANIA (ITALPRESS) \u2013 I volontari della Caritas Diocesana di Catania, in vista dell\u2019inizio del Ramadan, hanno consegnato una sostanziosa donazione di beni alimentari di prima necessit\u00e0 alla Moschea della Misericordia di piazza Cutelli. \u201cUn segno simbolico e concreto per esprimere vicinanza e rispetto nei confronti di quei musulmani che non potranno usufruire della mensa dell\u2019Help [&hellip;]<\/p>\n","protected":false},"author":18,"featured_media":147608,"comment_status":"closed","ping_status":"closed","sticky":false,"template":"","format":"standard","meta":{"ub_ctt_via":"","_mi_skip_tracking":false},"categories":[2449],"tags":[783],"featured_image_src":"https:\/\/www.messinaoggi.it\/website\/wp-content\/uploads\/2023\/03\/20230322_0760.jpg","author_info":{"display_name":"Admin","author_link":"https:\/\/www.messinaoggi.it\/website\/author\/admin\/"},"digistream_id":0,"digistream":false,"_links":{"self":[{"href":"https:\/\/www.messinaoggi.it\/website\/wp-json\/wp\/v2\/posts\/147607"}],"collection":[{"href":"https:\/\/www.messinaoggi.it\/website\/wp-json\/wp\/v2\/posts"}],"about":[{"href":"https:\/\/www.messinaoggi.it\/website\/wp-json\/wp\/v2\/types\/post"}],"author":[{"embeddable":true,"href":"https:\/\/www.messinaoggi.it\/website\/wp-json\/wp\/v2\/users\/18"}],"replies":[{"embeddable":true,"href":"https:\/\/www.messinaoggi.it\/website\/wp-json\/wp\/v2\/comments?post=147607"}],"version-history":[{"count":0,"href":"https:\/\/www.messinaoggi.it\/website\/wp-json\/wp\/v2\/posts\/147607\/revisions"}],"wp:featuredmedia":[{"embeddable":true,"href":"https:\/\/www.messinaoggi.it\/website\/wp-json\/wp\/v2\/media\/147608"}],"wp:attachment":[{"href":"https:\/\/www.messinaoggi.it\/website\/wp-json\/wp\/v2\/media?parent=147607"}],"wp:term":[{"taxonomy":"category","embeddable":true,"href":"https:\/\/www.messinaoggi.it\/website\/wp-json\/wp\/v2\/categories?post=147607"},{"taxonomy":"post_tag","embeddable":true,"href":"https:\/\/www.messinaoggi.it\/website\/wp-json\/wp\/v2\/tags?post=147607"}],"curies":[{"name":"wp","href":"https:\/\/api.w.org\/{rel}","templated":true}]}}