{"id":147548,"date":"2023-03-22T10:36:12","date_gmt":"2023-03-22T09:36:12","guid":{"rendered":"http:\/\/www.messinaoggi.it\/website\/?p=147548"},"modified":"2023-03-22T10:44:20","modified_gmt":"2023-03-22T09:44:20","slug":"blitz-dei-vigili-urbani-multe-a-raffica-ai-dipendenti-atm","status":"publish","type":"post","link":"https:\/\/www.messinaoggi.it\/website\/2023\/03\/22\/blitz-dei-vigili-urbani-multe-a-raffica-ai-dipendenti-atm\/","title":{"rendered":"Blitz dei vigili urbani, multe a raffica ai dipendenti Atm"},"content":{"rendered":"\n<p>Secondo i sindacati si sarebbe trattato di una &#8220;<em>rappresaglia<\/em>&#8221; nei confronti dei dipendenti dell&#8217;Atm. Il condizionale \u00e8 rigorosamente d&#8217;obbiglo. Una vicenda che merita approfondimenti perch\u00e9, se cos\u00ec fosse ci sarebbe da andare fino in fondo.<div id=\"div-gpt-ad-Messinaoggi.it-DSK-300x250-corpoart\" style=\"text-align:center;margin:0 auto;\"><\/div><\/p>\n\n\n\n<p><strong>Il blitz di ieri mattina in via La Farina<\/strong><div id=\"videoincontent\" style=\"clear:both\";><\/div><\/p>\n\n\n\n<p>I vigili urbani si sono presentati intorno alle 8,30 in via La Farina ed hanno iniziato a verbalizzare (giustamente), decine di ciclomotori posteggiati sul marciapiede in corrispondenza della sede dell&#8217;Atm. Decine le multe elevate e addirittura alcuni mezzi sarebbero stati anche rimossi con il carroattrezzi. Ciclomotori di propriet\u00e0 dei dipendenti dell&#8217;Atm che da sempre parcheggiano i propri mezzi laddove non si dovrebe posteggiare.<\/p>\n\n\n\n<p><strong>I sindacati: &#8220;Rappresaglia nei confronti dei dipendenti Atm&#8221;<\/strong><\/p>\n\n\n\n<p>Secondo i sindacati (gira anche un vocale inequivocabile di un sindacalista), si sarebbe trattato di un&#8217;autentica rappresaglia nei confronti dei dipendenti dell&#8217;Atm, dal momento che il giorno precedente uno o forse due mezzi di propriet\u00e0 di altrettanti vigili urbani sarebbero stati prelevati con il carroattrezzi dal personale dell&#8217;Atm. <\/p>\n\n\n\n<p>Le autovetture &#8211; dicono &#8211; erano posteggiate alla Zir e la loro presenza impediva ai conducenti del bus di fare manovra per fare ingresso al terminale. <\/p>\n\n\n\n<p><strong>L&#8217;Atm estranea ai fatti<\/strong><\/p>\n\n\n\n<p>&#8220;L&#8217;azienda non c&#8217;entra nulla &#8211; si premura a dire il sindacalista -, abbiamo fatto approfondimenti con altri colleghi sindacalisti e pare che il blitz dei vigili urbani sia stato una &#8216;vendetta&#8217; perch\u00e8 ieri sono state prelevate due automobili intestate ai vigili urbani&#8221;.<\/p>\n\n\n\n<p>Una ricostruzione che, se provata, presenta degli aspetti che andrebbero subito accertati perch\u00e8 non \u00e8 possibile che a giorno d&#8217;oggi si applichi la &#8220;legge del taglione&#8221;.<\/p>\n","protected":false},"excerpt":{"rendered":"<p>Secondo i sindacati si sarebbe trattato di una &#8220;rappresaglia&#8221; nei confronti dei dipendenti dell&#8217;Atm. Il condizionale \u00e8 rigorosamente d&#8217;obbiglo. Una vicenda che merita approfondimenti perch\u00e9, se cos\u00ec fosse ci sarebbe da andare fino in fondo. Il blitz di ieri mattina in via La Farina I vigili urbani si sono presentati intorno alle 8,30 in via [&hellip;]<\/p>\n","protected":false},"author":2,"featured_media":147549,"comment_status":"open","ping_status":"open","sticky":false,"template":"","format":"standard","meta":{"ub_ctt_via":"","_mi_skip_tracking":false},"categories":[19],"tags":[1004,1404,7146,7145,7147,7144,76],"featured_image_src":"https:\/\/www.messinaoggi.it\/website\/wp-content\/uploads\/2023\/03\/unnamed-4.jpg","author_info":{"display_name":"Redazione","author_link":"https:\/\/www.messinaoggi.it\/website\/author\/redazione\/"},"digistream_id":0,"digistream":false,"_links":{"self":[{"href":"https:\/\/www.messinaoggi.it\/website\/wp-json\/wp\/v2\/posts\/147548"}],"collection":[{"href":"https:\/\/www.messinaoggi.it\/website\/wp-json\/wp\/v2\/posts"}],"about":[{"href":"https:\/\/www.messinaoggi.it\/website\/wp-json\/wp\/v2\/types\/post"}],"author":[{"embeddable":true,"href":"https:\/\/www.messinaoggi.it\/website\/wp-json\/wp\/v2\/users\/2"}],"replies":[{"embeddable":true,"href":"https:\/\/www.messinaoggi.it\/website\/wp-json\/wp\/v2\/comments?post=147548"}],"version-history":[{"count":2,"href":"https:\/\/www.messinaoggi.it\/website\/wp-json\/wp\/v2\/posts\/147548\/revisions"}],"predecessor-version":[{"id":147554,"href":"https:\/\/www.messinaoggi.it\/website\/wp-json\/wp\/v2\/posts\/147548\/revisions\/147554"}],"wp:featuredmedia":[{"embeddable":true,"href":"https:\/\/www.messinaoggi.it\/website\/wp-json\/wp\/v2\/media\/147549"}],"wp:attachment":[{"href":"https:\/\/www.messinaoggi.it\/website\/wp-json\/wp\/v2\/media?parent=147548"}],"wp:term":[{"taxonomy":"category","embeddable":true,"href":"https:\/\/www.messinaoggi.it\/website\/wp-json\/wp\/v2\/categories?post=147548"},{"taxonomy":"post_tag","embeddable":true,"href":"https:\/\/www.messinaoggi.it\/website\/wp-json\/wp\/v2\/tags?post=147548"}],"curies":[{"name":"wp","href":"https:\/\/api.w.org\/{rel}","templated":true}]}}