{"id":147452,"date":"2023-03-21T14:47:52","date_gmt":"2023-03-21T13:47:52","guid":{"rendered":"https:\/\/www.messinaoggi.it\/website\/2023\/03\/21\/tardino-incontra-schifani-lavoriamo-per-lunita-del-centrodestra-alle-amministrative\/"},"modified":"2023-03-21T14:47:52","modified_gmt":"2023-03-21T13:47:52","slug":"tardino-incontra-schifani-lavoriamo-per-lunita-del-centrodestra-alle-amministrative","status":"publish","type":"post","link":"https:\/\/www.messinaoggi.it\/website\/2023\/03\/21\/tardino-incontra-schifani-lavoriamo-per-lunita-del-centrodestra-alle-amministrative\/","title":{"rendered":"Tardino incontra Schifani \u201cLavoriamo per l\u2019unit\u00e0 del Centrodestra alle amministrative\u201d"},"content":{"rendered":"<div>\n<p>PALERMO (ITALPRESS) \u2013 \u201cStamattina ho avuto il piacere di incontrare il Presidente Renato Schifani, per la prima volta nella veste di commissario regionale della Lega, per fare il punto sul programma di governo, dopo i primi quattro mesi di azione, e in vista delle sfide da affrontare nei prossimi mesi\u201d. Cos\u00ec in una nota Annalisa Tardino, deputata al Parlamento europeo e commissario della Lega Sicilia per Salvini Premier. <br \/>\u201cE\u2019 stata l\u2019occasione \u2013 aggiunge \u2013 per parlare di collegamenti aerei, considerata la forte azione avviata contro il caro voli, di autonomia differenziata, nell\u2019ottica delle compensazioni da ottenere in ossequio alla riforma costituzionale e allo statuto siciliano, di PNRR e fondi comunitari, inclusa l\u2019organizzazione dell\u2019ufficio di Bruxelles, del paventato divieto per la pesca a strascico, di gestione dell\u2019emergenza rifiuti, con riferimento alle procedure per la realizzazione dei termovalorizzatori. Infine, l\u2019incontro \u00e8 stato proficuo per confermare, in merito al tavolo regionale costituito in vista delle elezioni amministrative di fine maggio, la volont\u00e0 della Lega di lavorare per tenere unita la coalizione, nel rispetto di programmi e proposte dei singoli partiti, e ho trovato riscontro positivo nell\u2019intenzione del Presidente di tenere il punto sull\u2019unit\u00e0 del centrodestra, con grande senso di responsabilit\u00e0 e imparzialit\u00e0 nei confronti di tutte forze alleate\u201d.<br \/>foto ufficio stampa Tardino<br \/>(ITALPRESS).<div id=\"div-gpt-ad-Messinaoggi.it-DSK-300x250-corpoart\" style=\"text-align:center;margin:0 auto;\"><\/div><\/p>\n<\/div>\n<div id=\"videoincontent\" style=\"clear:both\";><\/div>","protected":false},"excerpt":{"rendered":"<p>PALERMO (ITALPRESS) \u2013 \u201cStamattina ho avuto il piacere di incontrare il Presidente Renato Schifani, per la prima volta nella veste di commissario regionale della Lega, per fare il punto sul programma di governo, dopo i primi quattro mesi di azione, e in vista delle sfide da affrontare nei prossimi mesi\u201d. Cos\u00ec in una nota Annalisa [&hellip;]<\/p>\n","protected":false},"author":18,"featured_media":147453,"comment_status":"closed","ping_status":"closed","sticky":false,"template":"","format":"standard","meta":{"ub_ctt_via":"","_mi_skip_tracking":false},"categories":[2449],"tags":[783],"featured_image_src":"https:\/\/www.messinaoggi.it\/website\/wp-content\/uploads\/2023\/03\/20230321_0990.jpg","author_info":{"display_name":"Admin","author_link":"https:\/\/www.messinaoggi.it\/website\/author\/admin\/"},"digistream_id":0,"digistream":false,"_links":{"self":[{"href":"https:\/\/www.messinaoggi.it\/website\/wp-json\/wp\/v2\/posts\/147452"}],"collection":[{"href":"https:\/\/www.messinaoggi.it\/website\/wp-json\/wp\/v2\/posts"}],"about":[{"href":"https:\/\/www.messinaoggi.it\/website\/wp-json\/wp\/v2\/types\/post"}],"author":[{"embeddable":true,"href":"https:\/\/www.messinaoggi.it\/website\/wp-json\/wp\/v2\/users\/18"}],"replies":[{"embeddable":true,"href":"https:\/\/www.messinaoggi.it\/website\/wp-json\/wp\/v2\/comments?post=147452"}],"version-history":[{"count":0,"href":"https:\/\/www.messinaoggi.it\/website\/wp-json\/wp\/v2\/posts\/147452\/revisions"}],"wp:featuredmedia":[{"embeddable":true,"href":"https:\/\/www.messinaoggi.it\/website\/wp-json\/wp\/v2\/media\/147453"}],"wp:attachment":[{"href":"https:\/\/www.messinaoggi.it\/website\/wp-json\/wp\/v2\/media?parent=147452"}],"wp:term":[{"taxonomy":"category","embeddable":true,"href":"https:\/\/www.messinaoggi.it\/website\/wp-json\/wp\/v2\/categories?post=147452"},{"taxonomy":"post_tag","embeddable":true,"href":"https:\/\/www.messinaoggi.it\/website\/wp-json\/wp\/v2\/tags?post=147452"}],"curies":[{"name":"wp","href":"https:\/\/api.w.org\/{rel}","templated":true}]}}