{"id":147384,"date":"2023-03-20T19:32:50","date_gmt":"2023-03-20T18:32:50","guid":{"rendered":"https:\/\/www.messinaoggi.it\/website\/2023\/03\/20\/elezioni-catania-schifani-non-possiamo-consentirci-il-lusso-di-regalare-la-citta-alla-sinistra\/"},"modified":"2023-03-20T19:32:50","modified_gmt":"2023-03-20T18:32:50","slug":"elezioni-catania-schifani-non-possiamo-consentirci-il-lusso-di-regalare-la-citta-alla-sinistra","status":"publish","type":"post","link":"https:\/\/www.messinaoggi.it\/website\/2023\/03\/20\/elezioni-catania-schifani-non-possiamo-consentirci-il-lusso-di-regalare-la-citta-alla-sinistra\/","title":{"rendered":"Elezioni Catania, Schifani \u201cNon possiamo consentirci il lusso di regalare la citt\u00e0 alla sinistra\u201d"},"content":{"rendered":"<div>\n<p>CATANIA (ITALPRESS) \u2013 \u201cStiamo lavorando affinch\u00e8 ci sia una condivisione su un candidato per Catania, che sia uomo o donna non importa, ma un nome scelto assieme; non possiamo consentirci il lusso di regalare la citt\u00e0 alla sinistra. Una divisione sin dal primo turno, segnerebbe di certo una sconfitta al ballottaggio per il Centrodestra\u201d. Cos\u00ec, in merito alle prossime elezioni amministrative di Catania, il governatore Renato Schifani, nel capoluogo etneo per la convention di Forza Italia. all\u2019Hotel Nettuno. \u201cIl nome di Valeria Sudano della Lega (gi\u00e0 in giro nel capoluogo etneo con grandi poster, ndr) \u2013 ha sottolineato \u2013 \u00e8 solo una proposta come altre\u201d. <br \/>Nei giorni scorsi ha preso il via un nuovo corso del partito di Silvio Berlusconi con la nomina del nuovo coordinatore Marcello Caruso: \u201cRipartiamo e crediamo che Forza Italia possa accogliere l\u2019ala moderata come quella riformista e cattolica, chi ha perso la fiducia nei confronti delle istituzioni o della politica \u2013 ha proseguito il presidente della Regione Siciliana \u2013 vogliamo confrontarci partendo dalle proposte, ascoltare moltissimo, come mi ha insegnato Berlusconi, e dalla scuola dell\u2019ascolto si passa poi alle decisioni. La folla di oggi mi incoraggia, sono tantissimi e insieme lavoreremo per formare loro con l\u2019obiettivo di comporre liste forti a sostegno del futuro sindaco catanese\u201d.<br \/>Schifani ha poi commentato la decisione di Raffaele Lombardo, capo dell\u2019Mpa, di correre da solo in caso di spaccatura del Centrodestra: \u201cMi auguro di evitare questa ipotesi che rimane residuale, sarebbe normale che nel caso in cui dovessimo andare divisi alle amministrative di Catania, l\u2019Mpa di Lombardo si presenterebbe da solo con una sua lista e un suo candidato\u201d.<div id=\"div-gpt-ad-Messinaoggi.it-DSK-300x250-corpoart\" style=\"text-align:center;margin:0 auto;\"><\/div><\/p>\n<p>\u201cAlle amministrative di Catania deve presentarsi un Centrodestra unito, ma non \u00e8 questione di nomi. Se dovessimo dividerci, potremmo perdere questa partita\u201d, ha sottolineato il nuovo coordinatore regionale di Forza Italia in Sicilia, Marcello Caruso, ai microfoni di Italpress, in occasione della convention del Partito all\u2019Hotel Nettuno, particolarmente gremito di gente. <br \/>\u201cIn questo momento ci sono giuste proposte di nomi, alcune fatte forse anche in modo irrituale \u2013 ha aggiunto \u2013 per\u00f2 credo che alla fine il tavolo debba ragionare sulle proposizioni e trovare il miglior candidato per rappresentare il Centrodestra e che possa allo stesso tempo rappresentare al meglio una buona politica per il Comune di Catania\u201d. Sull\u2019incognita Mpa Raffaele Lombardo: \u201cNon mi voglio avventurare in fantapolitica, so solo che Lombardo \u00e8 un autorevole politico di respiro regionale e che chiaramente \u00e8 una sua forza storica su Catania; ma credo lui abbia posto un problema politico sul Centrodestra, se \u00e8 davvero una realt\u00e0 unita o una composizione di tante anime le quali poi non sanno trovare soluzioni con senso di responsabilit\u00e0\u201d. Sul candidato Enzo Bianco: \u201cGrande rispetto per un politico storico, che ha fatto anche il sindaco di Catania, ma se andiamo uniti alle Amministrative non dovremmo avere preoccupazioni di nessun tipo\u201d. Infine sulla presenza del partito di Cateno De Luca che candida se stesso a Taormina e nel capoluogo etneo ha gi\u00e0 lanciato il nome del giovane Gabriele Savoca: \u201cDe Luca fa giustamente la sua parte, anche in questo caso ritengo di dire con la massima serenit\u00e0 che il Centrodestra, unito, sarebbe vincente ovunque\u201d.<br \/>foto xd9 Italpress<br \/>(ITALPRESS).<div id=\"videoincontent\" style=\"clear:both\";><\/div><\/p>\n<\/div>\n","protected":false},"excerpt":{"rendered":"<p>CATANIA (ITALPRESS) \u2013 \u201cStiamo lavorando affinch\u00e8 ci sia una condivisione su un candidato per Catania, che sia uomo o donna non importa, ma un nome scelto assieme; non possiamo consentirci il lusso di regalare la citt\u00e0 alla sinistra. Una divisione sin dal primo turno, segnerebbe di certo una sconfitta al ballottaggio per il Centrodestra\u201d. Cos\u00ec, [&hellip;]<\/p>\n","protected":false},"author":18,"featured_media":147385,"comment_status":"closed","ping_status":"closed","sticky":false,"template":"","format":"standard","meta":{"ub_ctt_via":"","_mi_skip_tracking":false},"categories":[2449],"tags":[783],"featured_image_src":"https:\/\/www.messinaoggi.it\/website\/wp-content\/uploads\/2023\/03\/20230320_1939.jpg","author_info":{"display_name":"Admin","author_link":"https:\/\/www.messinaoggi.it\/website\/author\/admin\/"},"digistream_id":0,"digistream":false,"_links":{"self":[{"href":"https:\/\/www.messinaoggi.it\/website\/wp-json\/wp\/v2\/posts\/147384"}],"collection":[{"href":"https:\/\/www.messinaoggi.it\/website\/wp-json\/wp\/v2\/posts"}],"about":[{"href":"https:\/\/www.messinaoggi.it\/website\/wp-json\/wp\/v2\/types\/post"}],"author":[{"embeddable":true,"href":"https:\/\/www.messinaoggi.it\/website\/wp-json\/wp\/v2\/users\/18"}],"replies":[{"embeddable":true,"href":"https:\/\/www.messinaoggi.it\/website\/wp-json\/wp\/v2\/comments?post=147384"}],"version-history":[{"count":0,"href":"https:\/\/www.messinaoggi.it\/website\/wp-json\/wp\/v2\/posts\/147384\/revisions"}],"wp:featuredmedia":[{"embeddable":true,"href":"https:\/\/www.messinaoggi.it\/website\/wp-json\/wp\/v2\/media\/147385"}],"wp:attachment":[{"href":"https:\/\/www.messinaoggi.it\/website\/wp-json\/wp\/v2\/media?parent=147384"}],"wp:term":[{"taxonomy":"category","embeddable":true,"href":"https:\/\/www.messinaoggi.it\/website\/wp-json\/wp\/v2\/categories?post=147384"},{"taxonomy":"post_tag","embeddable":true,"href":"https:\/\/www.messinaoggi.it\/website\/wp-json\/wp\/v2\/tags?post=147384"}],"curies":[{"name":"wp","href":"https:\/\/api.w.org\/{rel}","templated":true}]}}