{"id":147348,"date":"2023-03-20T18:01:52","date_gmt":"2023-03-20T17:01:52","guid":{"rendered":"http:\/\/www.messinaoggi.it\/website\/?p=147348"},"modified":"2023-03-20T18:01:53","modified_gmt":"2023-03-20T17:01:53","slug":"il-mare-dinverno","status":"publish","type":"post","link":"https:\/\/www.messinaoggi.it\/website\/2023\/03\/20\/il-mare-dinverno\/","title":{"rendered":"&#8220;Il Mare d&#8217;inverno&#8221;: volontari puliscono le spiagge"},"content":{"rendered":"\n<p>A Messina, sabato 18 marzo, sulla spiaggia di Torre Faro a Capo Peloro si \u00e8 svolta la XXXII edizione de \u201cIl Mare d&#8217;Inverno\u201d, l\u2019iniziativa annuale organizzata dall\u2019associazione ambientalista <strong>\u201cFare Verde\u201d.<\/strong><div id=\"div-gpt-ad-Messinaoggi.it-DSK-300x250-corpoart\" style=\"text-align:center;margin:0 auto;\"><\/div><\/p>\n\n\n\n<p><a href=\"https:\/\/www.facebook.com\/FareVerdeMessina\/posts\/pfbid02gDXcmfYpF6PM5eUEs9ahqEqHRH7yFKxQiCLmoCyAAcHdoC6mpfRU3A7E6Bm46eW8l\" data-type=\"URL\" data-id=\"https:\/\/www.facebook.com\/FareVerdeMessina\/posts\/pfbid02gDXcmfYpF6PM5eUEs9ahqEqHRH7yFKxQiCLmoCyAAcHdoC6mpfRU3A7E6Bm46eW8l\">I volontari di \u201cFare Verde\u201d in poche ore hanno raccolto e censito numerosissimi e variegati rifiuti presenti sul litorale.<\/a><div id=\"videoincontent\" style=\"clear:both\";><\/div><\/p>\n\n\n\n<p>Sono stati raccolti, tra gli altri, 1 lamiera di 1,5 mt x 1 mt, 1 catalogo armi \u201cberetta\u201d, alcuni pneumatici, 2 sacchi di spazzatura indifferenziata, un sacco di vetro, 10 sacchi di plastica.<\/p>\n\n\n\n<p>Hanno partecipato a &#8220;Il Mare d&#8217;inverno&#8221; i volontari di \u201cFare Verde\u201d sezione di Messina con il Presidente <strong>Piero Gatto,<\/strong> la Consigliera di IV Municipalit\u00e0 di Messina <strong>Debora Buda,<\/strong> il Consigliere Comunale <strong>Dario Carbone,<\/strong> l\u2019Associazione \u201cASD cacciatori subacquei Messina\u201d con <strong>Pietro Lanzafame<\/strong> ed il Presidente <strong>Domenico Rungo,<\/strong> i volontari di \u201cPuliAMO Messina\u201d, gli attivisti di \u201cVento dello Stretto\u201d e numerosi cittadini.<\/p>\n\n\n\n<p>L\u2019iniziativa di Fare Verde ha l\u2019obiettivo di riportare al centro del dibattito sociale e politico la necessit\u00e0 di ridurre a monte la quantit\u00e0 di rifiuti che produciamo, riciclarli e recuperarli il pi\u00f9 possibile.<\/p>\n","protected":false},"excerpt":{"rendered":"<p>A Messina, sabato 18 marzo, sulla spiaggia di Torre Faro a Capo Peloro si \u00e8 svolta la XXXII edizione de \u201cIl Mare d&#8217;Inverno\u201d, l\u2019iniziativa annuale organizzata dall\u2019associazione ambientalista \u201cFare Verde\u201d. I volontari di \u201cFare Verde\u201d in poche ore hanno raccolto e censito numerosissimi e variegati rifiuti presenti sul litorale. Sono stati raccolti, tra gli altri, [&hellip;]<\/p>\n","protected":false},"author":15,"featured_media":147350,"comment_status":"open","ping_status":"open","sticky":false,"template":"","format":"standard","meta":{"ub_ctt_via":"","_mi_skip_tracking":false},"categories":[5],"tags":[1587,7126,7128,1507,1154,7129],"featured_image_src":"https:\/\/www.messinaoggi.it\/website\/wp-content\/uploads\/2023\/03\/Fare-Verde-Mare-dInverno.jpg","author_info":{"display_name":"red.me","author_link":"https:\/\/www.messinaoggi.it\/website\/author\/red-me\/"},"digistream_id":0,"digistream":false,"_links":{"self":[{"href":"https:\/\/www.messinaoggi.it\/website\/wp-json\/wp\/v2\/posts\/147348"}],"collection":[{"href":"https:\/\/www.messinaoggi.it\/website\/wp-json\/wp\/v2\/posts"}],"about":[{"href":"https:\/\/www.messinaoggi.it\/website\/wp-json\/wp\/v2\/types\/post"}],"author":[{"embeddable":true,"href":"https:\/\/www.messinaoggi.it\/website\/wp-json\/wp\/v2\/users\/15"}],"replies":[{"embeddable":true,"href":"https:\/\/www.messinaoggi.it\/website\/wp-json\/wp\/v2\/comments?post=147348"}],"version-history":[{"count":2,"href":"https:\/\/www.messinaoggi.it\/website\/wp-json\/wp\/v2\/posts\/147348\/revisions"}],"predecessor-version":[{"id":147351,"href":"https:\/\/www.messinaoggi.it\/website\/wp-json\/wp\/v2\/posts\/147348\/revisions\/147351"}],"wp:featuredmedia":[{"embeddable":true,"href":"https:\/\/www.messinaoggi.it\/website\/wp-json\/wp\/v2\/media\/147350"}],"wp:attachment":[{"href":"https:\/\/www.messinaoggi.it\/website\/wp-json\/wp\/v2\/media?parent=147348"}],"wp:term":[{"taxonomy":"category","embeddable":true,"href":"https:\/\/www.messinaoggi.it\/website\/wp-json\/wp\/v2\/categories?post=147348"},{"taxonomy":"post_tag","embeddable":true,"href":"https:\/\/www.messinaoggi.it\/website\/wp-json\/wp\/v2\/tags?post=147348"}],"curies":[{"name":"wp","href":"https:\/\/api.w.org\/{rel}","templated":true}]}}