{"id":147334,"date":"2023-03-20T17:25:30","date_gmt":"2023-03-20T16:25:30","guid":{"rendered":"http:\/\/www.messinaoggi.it\/website\/?p=147334"},"modified":"2023-03-20T17:27:42","modified_gmt":"2023-03-20T16:27:42","slug":"giornata-memoria-vittime-innocenti-delle-mafie-iniziative","status":"publish","type":"post","link":"https:\/\/www.messinaoggi.it\/website\/2023\/03\/20\/giornata-memoria-vittime-innocenti-delle-mafie-iniziative\/","title":{"rendered":"Giornata memoria vittime innocenti delle mafie, iniziative"},"content":{"rendered":"\n<p>La \u201cGiornata della Memoria e dell&#8217;Impegno in ricordo delle vittime innocenti delle mafie\u201d promossa da Libera. Associazioni, nomi e numeri contro le mafie, da ventotto anni rappresenta un&#8217;occasione concreta per fare memoria viva e chiedere verit\u00e0 e giustizia.<div id=\"div-gpt-ad-Messinaoggi.it-DSK-300x250-corpoart\" style=\"text-align:center;margin:0 auto;\"><\/div><\/p>\n\n\n\n<p>La XXVIII edizione, il cui slogan <em>\u00c8<\/em> <em>Possibile <\/em>vuole portarci a riflettere su ci\u00f2 che ciascuno di noi pu\u00f2 fare per l\u2019affermazione dei diritti e della giustizia sociale<em>,<\/em> si svolger\u00e0 <strong>il prossimo 21 marzo a Milano, dove avr\u00e0 luogo la manifestazione nazionale. <\/strong>Libera ha scelto, nel 2023, di proporre la manifestazione a Milano  in una citt\u00e0 del Nord (dopo Padova, nel 2019) e di organizzare nuovamente, superati i limiti imposti dalla pandemia, un corteo nazionale. Ci ritroveremo in Lombardia da ogni parte d\u2019Italia, per catalizzare le energie di quanti vogliano impegnarsi per la costruzione di orizzonti di giustizia sociale, contro le mafie e la corruzione.<div id=\"videoincontent\" style=\"clear:both\";><\/div><\/p>\n\n\n\n<p>Ogni anno, il primo giorno di primavera, un lungo elenco di nomi scandisce la memoria che si fa impegno quotidiano. Recitiamo i nomi e i cognomi come un interminabile rosario civile, per farli vivere ancora, per non farli morire mai. Per farli esistere nella loro dignit\u00e0.<\/p>\n\n\n\n<p>Libera a Messina, che anche per questa XXVIII Giornata ha promosso i cosiddetti <strong>\u201c100 passi verso il 21 marzo\u201d &#8211; quelle iniziative portate avanti da associazioni e scuole con l\u2019obiettivo di costruire una partecipazione consapevole alla Giornata &#8211;<\/strong> parteciper\u00e0 con una sua delegazione alla manifestazione nazionale di Milano, di cui faranno parte, tra gli altri, i ragazzi del Progetto Amun\u00ec, realizzato da Libera in collaborazione con l&#8217;Ufficio del Servizio Sociale per i Minorenni di Messina, che prevede il coinvolgimento di minori dell&#8217;area penale in percorsi di cittadinanza attiva.<\/p>\n\n\n\n<p>Come ogni anno, in citt\u00e0 e in tutto il territorio provinciale, sono numerosi i <strong>Luoghi di memoria e impegno <\/strong>promossi e partecipati dalle associazioni, dalle organizzazioni e dalle scuole del nostro Presidio nelle quali, attraverso la <strong>lettura dei nomi delle vittime innocenti delle mafie, incontri e momenti di riflessione <\/strong>si contribuir\u00e0 a diffondere capillarmente il messaggio della Giornata.<strong><\/strong><\/p>\n\n\n\n<p><strong>Di seguito un elenco delle iniziative a noi note:<\/strong><strong><\/strong><\/p>\n\n\n\n<p><strong>Messina citt\u00e0<\/strong><\/p>\n\n\n\n<ul><li>IC Evemero nei plessi: Sede Centrale, Faro Superiore e Papardo \u2013 Lettura dei Nomi<\/li><li>IC Catalfamo Plessi CEP e S. Lucia sopra Contesse \u2013 Passeggiata e momento di riflessione con lettura dei nomi per le vie del CEP e di Santa Lucia ore 10.30 -12.00<\/li><li>IC Boer-Verona Trento \u2013  Rappresentazione teatrale<\/li><li>IC Salvo d&#8217;Acquisto \u2013 Incontro dibattito  ore 10.30<\/li><li>IC Giovanni XXIII &#8211; Lettura dei Nomi e realizzazione di uno striscione con lo slogan &#8221; \u00c8 possibile&#8221;<\/li><li>IC Albino Luciani &#8211; Fondo Fucile  \u2013 Lettura dei Nomi<\/li><li>IC Mazzini Gallo &#8211; Laboratori verso il 21 marzo<\/li><li>IC G. Martino &#8211; Attivit\u00e0 di approfondimento in classe<\/li><li>IC La Pira Gentiluomo \u2013 Lettura dei Nomi<\/li><li>IC Paino Gravitelli \u2013 Lettura dei Nomi<\/li><li>IC Villa Lina Ritiro \u2013 Spettacolo teatrale e Lettura dei Nomi con il coinvolgimento dei plessi Vann&#8217;Ant\u00f2, Castanea e Cesareo<\/li><li>Liceo Statale E. Ainis &#8211; Lettura dei Nomi e collegamento con la Piazza di Milano ore 8.00-13.00<\/li><li>IIS Verona Trento plesso Viale Giostra \u2013 Visione del film \u201cLa vita rubata\u201d e Lettura dei Nomi<\/li><li>IIS Verona Trento plesso Via Ugo Bassi \u2013 Laboratori sulla memoria delle vittime innocenti delle mafie<\/li><li>Liceo La Farina Basile \u2013 Lettura dei Nomi<\/li><li>IIS G. Minutoli &#8211; Lettura dei nomi nei tre Plessi: Minutoli, Quasimodo e Cuppari<\/li><li>ITTL Caio Duilio &#8211; Lettura dei Nomi<\/li><li>IIS Antonello da Messina &#8211; Attivit\u00e0 di approfondimento riflessione in memoria delle vittime innocenti delle mafie<\/li><li>Lettura dei Nomi presso la Rotonda del Viale Giostra dedicata alle Vittime e ai Martiri della mafia promossa da: Associazione Antonello, Plesso Vann&#8217;Ant\u00f2, Kiwanis Antonello da Messina, Cittadinanza Attiva Messina, Legambiente dei Peloritani, Comitato Civico Messina Citt\u00e0 Dimenticata &#8211; ore 10.00<\/li><li>Lettura del libro \u201cTerre e libert\u00e0\u201d e lettura dei Nomi presso lo spazio antistante la Camera del Lavoro Cgil di Messina \u2013 ore 10.00<\/li><li>Oratorio Padre Annibale APS  e Parrocchia Sacra Famiglia CEP \u2013 Lettura dei Nomi e attivit\u00e0 laboratoriali<\/li><li>Lettura dei nomi e attivit\u00e0 laboratoriali promosse dal Clan del Sole &#8211; Gruppo Scout AGESCI Messina 3<\/li><li>Anymore Onlus sceglie tre luoghi di impegno per fare memoria:<ul><li>ore 10.00 al Centro Polisportivo CSI Giovanni XXIII di Ritiro, sede del progetto &#8220;Terzo Tempo: sport \u00e8 comunit\u00e0&#8221;<\/li><\/ul><ul><li>ore 15.30 insieme ai  partner del Progetto ICAROS, a Mili Marina, presso il terreno confiscato alle mafie<\/li><\/ul><ul><li>ore 18.00 presso il bene confiscato alle mafie in via Citarella, sede del progetto SARAJ &#8211; aggregazione in movimento<\/li><\/ul><\/li><\/ul>\n\n\n\n<p><strong>Messina Provincia<\/strong><\/p>\n\n\n\n<ul><li>IC D&#8217;Alcontres, Barcellona P.G. &#8211; Lettura dei Nomi<\/li><li>IC N. 2 Patti \u2013 Incontro\/Dibattito ore 10.30<\/li><li>IC L. Capuana, Barcellona P.G. &#8211; Incontro\/Dibattito con il coinvolgimento dei plessi di Barcellona, Rod\u00ec Milici e Castroreale<\/li><li>IC Pace Del Mela &#8211; Corteo che coinvolger\u00e0 i plessi di Pace del Mela, Gualtieri Sicamin\u00f2, Condr\u00f2, Giammoro,  San Pier Niceto e l&#8217;IIS Ferraris di Pace Del Mela  &#8211; ore 10.00<\/li><li>IC Bastiano Genovese, Barcellona P.G. &#8211; Lettura dei Nomi ore 11.00<\/li><li>IC Foscolo, Barcellona P.G. &#8211; Lettura dei Nomi<\/li><li>IC Torregrotta \u2013 Corteo con il coinvolgimento di tutti i plessi dell&#8217;Istituto<\/li><li>ITT- LSSA Copernico, Barcellona P.G. &#8211; Incontro di approfondimento e lettura dei Nomi<\/li><li>ITIS Torricelli Sant&#8217;Agata Militello &#8211;  Lettura dei Nomi<\/li><li>Liceo Sciascia Fermi, S. Agata di Militello \u2013 Lettura dei Nomi nei tre plessi<\/li><li>Messa presso la Chiesa Madre S. Maria Raccomandata ore 10.00 e lettura dei Nomi in Piazza Abbate Cacciola promossa dall&#8217;Azione Cattolica, Giardini Naxos \u2013 ore 11.30<\/li><li>Momento di ricordo delle vittime innocenti delle mafie promosso dalla Fondazione Messina e dalla cooperativa sociale EcoS-Med all&#8217;interno di un seminario sui temi della salute mentale, Milazzo<\/li><\/ul>\n","protected":false},"excerpt":{"rendered":"<p>La \u201cGiornata della Memoria e dell&#8217;Impegno in ricordo delle vittime innocenti delle mafie\u201d promossa da Libera. Associazioni, nomi e numeri contro le mafie, da ventotto anni rappresenta un&#8217;occasione concreta per fare memoria viva e chiedere verit\u00e0 e giustizia. La XXVIII edizione, il cui slogan \u00c8 Possibile vuole portarci a riflettere su ci\u00f2 che ciascuno di [&hellip;]<\/p>\n","protected":false},"author":15,"featured_media":147337,"comment_status":"open","ping_status":"open","sticky":false,"template":"","format":"standard","meta":{"ub_ctt_via":"","_mi_skip_tracking":false},"categories":[5],"tags":[993,994,51,7121,985],"featured_image_src":"https:\/\/www.messinaoggi.it\/website\/wp-content\/uploads\/2023\/03\/Giornata-memoria-vittime-innocenti-delle-mafie.jpeg","author_info":{"display_name":"red.me","author_link":"https:\/\/www.messinaoggi.it\/website\/author\/red-me\/"},"digistream_id":0,"digistream":false,"_links":{"self":[{"href":"https:\/\/www.messinaoggi.it\/website\/wp-json\/wp\/v2\/posts\/147334"}],"collection":[{"href":"https:\/\/www.messinaoggi.it\/website\/wp-json\/wp\/v2\/posts"}],"about":[{"href":"https:\/\/www.messinaoggi.it\/website\/wp-json\/wp\/v2\/types\/post"}],"author":[{"embeddable":true,"href":"https:\/\/www.messinaoggi.it\/website\/wp-json\/wp\/v2\/users\/15"}],"replies":[{"embeddable":true,"href":"https:\/\/www.messinaoggi.it\/website\/wp-json\/wp\/v2\/comments?post=147334"}],"version-history":[{"count":1,"href":"https:\/\/www.messinaoggi.it\/website\/wp-json\/wp\/v2\/posts\/147334\/revisions"}],"predecessor-version":[{"id":147336,"href":"https:\/\/www.messinaoggi.it\/website\/wp-json\/wp\/v2\/posts\/147334\/revisions\/147336"}],"wp:featuredmedia":[{"embeddable":true,"href":"https:\/\/www.messinaoggi.it\/website\/wp-json\/wp\/v2\/media\/147337"}],"wp:attachment":[{"href":"https:\/\/www.messinaoggi.it\/website\/wp-json\/wp\/v2\/media?parent=147334"}],"wp:term":[{"taxonomy":"category","embeddable":true,"href":"https:\/\/www.messinaoggi.it\/website\/wp-json\/wp\/v2\/categories?post=147334"},{"taxonomy":"post_tag","embeddable":true,"href":"https:\/\/www.messinaoggi.it\/website\/wp-json\/wp\/v2\/tags?post=147334"}],"curies":[{"name":"wp","href":"https:\/\/api.w.org\/{rel}","templated":true}]}}