{"id":147290,"date":"2023-03-20T15:02:23","date_gmt":"2023-03-20T14:02:23","guid":{"rendered":"http:\/\/www.messinaoggi.it\/website\/?p=147290"},"modified":"2023-03-20T15:02:24","modified_gmt":"2023-03-20T14:02:24","slug":"flash-mob-per-la-giornata-della-visibilita-trans","status":"publish","type":"post","link":"https:\/\/www.messinaoggi.it\/website\/2023\/03\/20\/flash-mob-per-la-giornata-della-visibilita-trans\/","title":{"rendered":"Flash mob per la giornata della visibilit\u00e0 trans"},"content":{"rendered":"\n<p>Alle ore 20.30 di venerd\u00ec 31 marzo, si terr\u00e0 un evento (con flash mob), per la Giornata mondiale della visibilit\u00e0 trans, incentrato sui temi dell\u2019identit\u00e0 di genere e dei percorsi atti a modificare lo status di nascita sotto il profilo burocratico e relativamente al percorso clinico. Un focus sulla questione che sar\u00e0 affrontata in chiave giuridica ma anche medica e sociologica. I contributi degli speakers saranno atti a chiarire la dimensione ormonale, psichica, sociale, esistenziale e legislativa degli individui interessati e offrir\u00e0 spunti per un dibattito pubblico. <div id=\"div-gpt-ad-Messinaoggi.it-DSK-300x250-corpoart\" style=\"text-align:center;margin:0 auto;\"><\/div><\/p>\n\n\n\n<p>L\u2019evento, nato per l&#8217;occasione della giornata mondiale della visibilit\u00e0 trans, si snoder\u00e0 in due momenti: un flash mob a tema, in Piazza Duomo, organizzato da OMD e con la partecipazione della scuola di danza A.R. Cuban Street del maestro Antonio Roccamo; a seguire un talk ospitato dal Salotto Fellini, finalizzato ad informare, sensibilizzare e confrontarsi su disforia di genere e tutela legale delle persone trans, al quale prenderanno parte:<div id=\"videoincontent\" style=\"clear:both\";><\/div><\/p>\n\n\n\n<p>la Prof.ssa Maria Rosaria Anna Muscatello (Ordinario di Psichiatria, dell\u2019Universit\u00e0 degli Studi di Messina e Responsabile dell\u2019Unit\u00e0 Operativa Complessa di Psichiatria dell\u2019AOU \u201cG. Martino\u201d);<\/p>\n\n\n\n<p>il Prof. Salvatore Settineri (Associato di Psichiatria del Dipartimento di Scienze biomediche, odontoiatriche e delle immagini morfologiche e funzionali  dell\u2019Universit\u00e0 degli Studi di Messina);<\/p>\n\n\n\n<p>la Prof.ssa Carmela Mento (Associato di Psicologia Clinica dell\u2019Universit\u00e0 degli Studi di Messina);<\/p>\n\n\n\n<p>il Dott. Christian Leonardo Cristalli (Responsabile nazionale Arcigay  con delega alle persone Trans);<\/p>\n\n\n\n<p>le Avv.te Annamaria Mormino e Serena Valentina Mormino (Sportello legale Arcigay Makwan Messina);<\/p>\n\n\n\n<p>la Dott.ssa Maria Catena Silvestri (Psicologa, psicoterapeuta. Sportello psicologico Arcigay Makwan Messina).<\/p>\n\n\n\n<p>L\u2019incontro sar\u00e0 introdotto dal Presidente provinciale Arcigay Makwan Messina, Rosario Duca che, in tale occasione, enuncer\u00e0 inoltre i dettagli relativi agli eventi Pride che si svolgeranno in citt\u00e0 e in provincia, con particolare riferimento allo \u201cStretto Pride 2023\u201d, previsto il 10 giungo a Messina e lo \u201cStretto Pride Taormina edition\u201d che si svolger\u00e0 nella perla dello Ionio il 9 settembre prossimo.<\/p>\n\n\n\n<p>L\u2019evento del 31 marzo, inaugura l\u2019agenda eventi Pride organizzati dal Comitato SP, il cui claim \u00e8 \u201cLiber\u0259 di essere\u201d e che si svolgeranno tra la primavera e l\u2019estate e accompagneranno alle date delle due parate messinese e taorminese.<\/p>\n\n\n\n<p>Il talk sar\u00e0 moderato dalla giornalista Gisella Cicci\u00f3.<\/p>\n","protected":false},"excerpt":{"rendered":"<p>Alle ore 20.30 di venerd\u00ec 31 marzo, si terr\u00e0 un evento (con flash mob), per la Giornata mondiale della visibilit\u00e0 trans, incentrato sui temi dell\u2019identit\u00e0 di genere e dei percorsi atti a modificare lo status di nascita sotto il profilo burocratico e relativamente al percorso clinico. Un focus sulla questione che sar\u00e0 affrontata in chiave [&hellip;]<\/p>\n","protected":false},"author":15,"featured_media":147291,"comment_status":"open","ping_status":"open","sticky":false,"template":"","format":"standard","meta":{"ub_ctt_via":"","_mi_skip_tracking":false},"categories":[1],"tags":[4681,744,7120,7118,7119],"featured_image_src":"https:\/\/www.messinaoggi.it\/website\/wp-content\/uploads\/2023\/03\/Giornata-mondiale-trans.jpeg","author_info":{"display_name":"red.me","author_link":"https:\/\/www.messinaoggi.it\/website\/author\/red-me\/"},"digistream_id":0,"digistream":false,"_links":{"self":[{"href":"https:\/\/www.messinaoggi.it\/website\/wp-json\/wp\/v2\/posts\/147290"}],"collection":[{"href":"https:\/\/www.messinaoggi.it\/website\/wp-json\/wp\/v2\/posts"}],"about":[{"href":"https:\/\/www.messinaoggi.it\/website\/wp-json\/wp\/v2\/types\/post"}],"author":[{"embeddable":true,"href":"https:\/\/www.messinaoggi.it\/website\/wp-json\/wp\/v2\/users\/15"}],"replies":[{"embeddable":true,"href":"https:\/\/www.messinaoggi.it\/website\/wp-json\/wp\/v2\/comments?post=147290"}],"version-history":[{"count":2,"href":"https:\/\/www.messinaoggi.it\/website\/wp-json\/wp\/v2\/posts\/147290\/revisions"}],"predecessor-version":[{"id":147293,"href":"https:\/\/www.messinaoggi.it\/website\/wp-json\/wp\/v2\/posts\/147290\/revisions\/147293"}],"wp:featuredmedia":[{"embeddable":true,"href":"https:\/\/www.messinaoggi.it\/website\/wp-json\/wp\/v2\/media\/147291"}],"wp:attachment":[{"href":"https:\/\/www.messinaoggi.it\/website\/wp-json\/wp\/v2\/media?parent=147290"}],"wp:term":[{"taxonomy":"category","embeddable":true,"href":"https:\/\/www.messinaoggi.it\/website\/wp-json\/wp\/v2\/categories?post=147290"},{"taxonomy":"post_tag","embeddable":true,"href":"https:\/\/www.messinaoggi.it\/website\/wp-json\/wp\/v2\/tags?post=147290"}],"curies":[{"name":"wp","href":"https:\/\/api.w.org\/{rel}","templated":true}]}}