{"id":147288,"date":"2023-03-20T14:32:52","date_gmt":"2023-03-20T13:32:52","guid":{"rendered":"https:\/\/www.messinaoggi.it\/website\/2023\/03\/20\/schifani-con-taglio-nastro-nuova-area-emergenza-garibaldi-raggiunto-un-traguardo\/"},"modified":"2023-03-20T14:32:52","modified_gmt":"2023-03-20T13:32:52","slug":"schifani-con-taglio-nastro-nuova-area-emergenza-garibaldi-raggiunto-un-traguardo","status":"publish","type":"post","link":"https:\/\/www.messinaoggi.it\/website\/2023\/03\/20\/schifani-con-taglio-nastro-nuova-area-emergenza-garibaldi-raggiunto-un-traguardo\/","title":{"rendered":"Schifani \u201cCon taglio nastro nuova Area Emergenza Garibaldi raggiunto un traguardo\u201d"},"content":{"rendered":"<div>\n<p>PALERMO (ITALPRESS) \u2013 \u201cQuando si taglia un nastro vuol dire che si \u00e8 raggiunto un traguardo. E quello di oggi, che inaugura la nuova area di emergenza dell\u2019ospedale Garibaldi di Catania, \u00e8 un traguardo a cui hanno lavorato bene prevalentemente i miei predecessori. L\u2019obiettivo del mio governo \u00e8 proseguire in questa azione di riforma della sanit\u00e0 pubblica, dando una particolare attenzione alle strutture di pronto soccorso, spesso il primo impatto con il sistema sanitario per i cittadini sofferenti. Con l\u2019assessore Volo lavoriamo sulla pianificazione per utilizzare nei tempi richiesti le risorse del Pnrr al fine di aumentare i presidi sul territorio e di dare risposte sempre pi\u00f9 efficienti all\u2019utenza, poich\u00e8 la sanit\u00e0 \u00e8 un bene di tutti con una funzione essenziale, sia quando \u00e8 svolta dal pubblico sia quando interviene il privato. In questo percorso non ci faremo condizionare dalla piazza: ascolteremo, verificheremo, guarderemo con attenzione, ma dobbiamo potenziare il servizio sanitario regionale pubblico per non essere schiavi di nessuna protesta\u00bb. Lo ha detto il presidente della Regione Siciliana, Renato Schifani, all\u2019inaugurazione del nuovo Pronto soccorso dell\u2019ospedale Garibaldi, a Catania, accompagnato dal presidente dell\u2019Assemblea regionale siciliana, Gaetano Galvagno, dall\u2019assessore regionale alla Salute, Giovanna Volo e dal commissario dell\u2019Azienda ospedaliera, Fabrizio De Nicola.<br \/>\nPresenti anche gli assessori regionali all\u2019Agricoltura, Luca Sammartino, e all\u2019Economia, Marco Falcone, il prefetto, Maria Carmela Librizzi, il commissario straordinario del Comune e della Citt\u00e0 metropolitana Piero Mattei, l\u2019arcivescovo emerito Salvatore Gristina, altre autorit\u00e0 politiche, sanitarie, civili e militari.<br \/>\n\u00abQuesto del Garibaldi \u00e8 il secondo punto di emergenza che visito a Catania \u2013 ha aggiunto l\u2019assessore Volo \u2013 e ne apprezzo la straordinaria qualit\u00e0. Anche a Palermo stiamo effettuando numerosi interventi di miglioramento sul sistema delle aree di emergenza. Tutto questo \u00e8 possibile grazie alle risorse del Pnrr che, tra l\u2019altro, stiamo utilizzando anche per realizzare e sviluppare i punti territoriali, come gli ospedali e le case di comunit\u00e0 e le centrali operative (Cot). L\u2019obiettivo \u00e8 quello di dare assistenza adeguata ai pazienti con cronicit\u00e0 e fragilit\u00e0 anche e soprattutto fuori dagli ospedali tradizionali, assegnando a ogni struttura il giusto ruolo e la funzione appropriata\u00bb.<br \/>\nLa nuova struttura di emergenza \u00e8 antisismica, tecnologica e a basso consumo energetico. Sar\u00e0 operativa in una decina di giorni, secondo quanto assicurato dalla dirigenza dell\u2019Azienda sanitaria. Costruita su quattro livelli, per complessivi 6.400 mq, dispone di camera calda, sala angio-tac con schermatura a piombo, tre moderne e avanzate sale operatorie, un trauma center, una terapia intensiva con venti posti letto di cui quattro isolati, terapia semi-intensiva da dodici posti letto, separazione delle aree per pazienti affetti da malattie infettive. Dispone di un impianto solare termico per la produzione di acqua calda e di una copertura fotovoltaica sul tetto da 429 moduli, mentre altri 129 pannelli sono montati sulla tettoia del parcheggio.<br \/>\nIl nuovo pronto soccorso \u00e8 stato realizzato attraverso un appalto integrato per la progettazione definitiva ed esecutiva e la realizzazione dei lavori, con un finanziamento complessivo di circa 16 milioni di euro, dei quali 9,13 milioni dai fondi ex art. 71 Legge 448\/98 (Programma di riqualificazione dell\u2019assistenza sanitaria riguardante le citt\u00e0 di Palermo e Catania) e 5,8 milioni dai fondi di bilancio dell\u2019Azienda ospedaliera.<br \/>\nL\u2019appalto \u00e8 stato aggiudicato nel 2017, la consegna definitiva dei lavori \u00e8 avvenuta a marzo 2019. Sono stati ultimati a marzo 2022, il collaudo strutturale a luglio dello stesso anno e quello amministrativo a gennaio 2023.<br \/>\nIn programma c\u2019\u00e8 anche la realizzazione di un \u201csecondo plesso\u201d, collegato alla struttura appena inaugurata. Ospiter\u00e0 5 unit\u00e0 operative con alta intensit\u00e0 di cure e 6 sale operatorie.<div id=\"div-gpt-ad-Messinaoggi.it-DSK-300x250-corpoart\" style=\"text-align:center;margin:0 auto;\"><\/div><\/p>\n<p>\u2013 foto: ufficio stama Regione Siciliana<div id=\"videoincontent\" style=\"clear:both\";><\/div><\/p>\n<p>(ITALPRESS).<\/p>\n<\/div>\n","protected":false},"excerpt":{"rendered":"<p>PALERMO (ITALPRESS) \u2013 \u201cQuando si taglia un nastro vuol dire che si \u00e8 raggiunto un traguardo. E quello di oggi, che inaugura la nuova area di emergenza dell\u2019ospedale Garibaldi di Catania, \u00e8 un traguardo a cui hanno lavorato bene prevalentemente i miei predecessori. L\u2019obiettivo del mio governo \u00e8 proseguire in questa azione di riforma della [&hellip;]<\/p>\n","protected":false},"author":18,"featured_media":147289,"comment_status":"closed","ping_status":"closed","sticky":false,"template":"","format":"standard","meta":{"ub_ctt_via":"","_mi_skip_tracking":false},"categories":[2449],"tags":[783],"featured_image_src":"https:\/\/www.messinaoggi.it\/website\/wp-content\/uploads\/2023\/03\/20230320_0757.jpg","author_info":{"display_name":"Admin","author_link":"https:\/\/www.messinaoggi.it\/website\/author\/admin\/"},"digistream_id":0,"digistream":false,"_links":{"self":[{"href":"https:\/\/www.messinaoggi.it\/website\/wp-json\/wp\/v2\/posts\/147288"}],"collection":[{"href":"https:\/\/www.messinaoggi.it\/website\/wp-json\/wp\/v2\/posts"}],"about":[{"href":"https:\/\/www.messinaoggi.it\/website\/wp-json\/wp\/v2\/types\/post"}],"author":[{"embeddable":true,"href":"https:\/\/www.messinaoggi.it\/website\/wp-json\/wp\/v2\/users\/18"}],"replies":[{"embeddable":true,"href":"https:\/\/www.messinaoggi.it\/website\/wp-json\/wp\/v2\/comments?post=147288"}],"version-history":[{"count":0,"href":"https:\/\/www.messinaoggi.it\/website\/wp-json\/wp\/v2\/posts\/147288\/revisions"}],"wp:featuredmedia":[{"embeddable":true,"href":"https:\/\/www.messinaoggi.it\/website\/wp-json\/wp\/v2\/media\/147289"}],"wp:attachment":[{"href":"https:\/\/www.messinaoggi.it\/website\/wp-json\/wp\/v2\/media?parent=147288"}],"wp:term":[{"taxonomy":"category","embeddable":true,"href":"https:\/\/www.messinaoggi.it\/website\/wp-json\/wp\/v2\/categories?post=147288"},{"taxonomy":"post_tag","embeddable":true,"href":"https:\/\/www.messinaoggi.it\/website\/wp-json\/wp\/v2\/tags?post=147288"}],"curies":[{"name":"wp","href":"https:\/\/api.w.org\/{rel}","templated":true}]}}