{"id":147235,"date":"2023-03-20T10:41:21","date_gmt":"2023-03-20T09:41:21","guid":{"rendered":"http:\/\/www.messinaoggi.it\/website\/?p=147235"},"modified":"2023-03-20T10:41:22","modified_gmt":"2023-03-20T09:41:22","slug":"la-nuova-stagione-del-pd-messinese-oggi-confronto-degli-iscritti","status":"publish","type":"post","link":"https:\/\/www.messinaoggi.it\/website\/2023\/03\/20\/la-nuova-stagione-del-pd-messinese-oggi-confronto-degli-iscritti\/","title":{"rendered":"La nuova stagione del Pd messinese, oggi confronto degli iscritti"},"content":{"rendered":"\n<p>&#8220;L\u2019elezione a segretaria nazionale\u00a0 di Elly Schlein, ha suscitato una nuova attenzione verso un nuovo PD.Il Partito Democratico a Messina traumatizzato dalle molteplici sconfitte elettorali e da autorevoli abbandoni, \u00e8 uscito dal radar della politica da troppo tempo. Non ha un segretario cittadino,\u00a0 quello provinciale ha annunciato le sue dimissioni, non ha una sua\u00a0 sede, cos\u00ec come i\u00a0 pochi\u00a0 circoli ancora esistenti, e appare incapace di una qualsiasi iniziativa politicaOccorre avviare una fase\u00a0 di ricostruzione, aprendosi ai tanti che, in questa fase costituente,\u00a0 chiedono di poter dare il loro contributo di idee e di rinnovato impegno&#8221;.<div id=\"div-gpt-ad-Messinaoggi.it-DSK-300x250-corpoart\" style=\"text-align:center;margin:0 auto;\"><\/div><\/p>\n\n\n\n<p>Lo scrivono in una nota stampa i coordinatori del comitato \u201cnoi con Elly a Messina\u201dTitti BatoloMaurizio Rella<div id=\"videoincontent\" style=\"clear:both\";><\/div><\/p>\n\n\n\n<p>&#8220;Noi che abbiamo dato il nostro contributo alla fase congressuale, costituendo un comitato per l\u2019elezione di\u00a0 \u00a0EllY a segretaria del partito, riteniamo necessario, fin da subito,\u00a0 sviluppare una rinnovata iniziativa politica utile a rimettere il\u00a0 PD al centro della vita politica della provincia di Messina, chiamando alla loro responsabilit\u00e0 i vertici attuali, a partire dal segretario provinciale e dal Presidente del partito perch\u00e9 se ne facciano promotori,\u00a0 avviando una forte campagna di adesione al partito e finalizzandola\u00a0 alla convocazione del congresso provinciale che dovr\u00e0 individuare un nuovo, rinnovato, gruppo dirigente che rimetta il partito in sintonia con la societ\u00e0 e i territori, luned\u00ec 20 marzo alle ore 18, in via T. Cannizzaro n. 58, si terr\u00e0 un incontro fra iscritti e simpatizzanti, per discutere le iniziative da assumere fin da subito a perseguire questi obiettivi&#8221;.<br><\/p>\n","protected":false},"excerpt":{"rendered":"<p>&#8220;L\u2019elezione a segretaria nazionale\u00a0 di Elly Schlein, ha suscitato una nuova attenzione verso un nuovo PD.Il Partito Democratico a Messina traumatizzato dalle molteplici sconfitte elettorali e da autorevoli abbandoni, \u00e8 uscito dal radar della politica da troppo tempo. Non ha un segretario cittadino,\u00a0 quello provinciale ha annunciato le sue dimissioni, non ha una sua\u00a0 sede, [&hellip;]<\/p>\n","protected":false},"author":2,"featured_media":1602,"comment_status":"open","ping_status":"open","sticky":false,"template":"","format":"standard","meta":{"ub_ctt_via":"","_mi_skip_tracking":false},"categories":[5],"tags":[6465,6580,4662,610],"featured_image_src":"https:\/\/www.messinaoggi.it\/website\/wp-content\/uploads\/2017\/06\/Rella-Maurizio-2.jpg","author_info":{"display_name":"Redazione","author_link":"https:\/\/www.messinaoggi.it\/website\/author\/redazione\/"},"digistream_id":0,"digistream":false,"_links":{"self":[{"href":"https:\/\/www.messinaoggi.it\/website\/wp-json\/wp\/v2\/posts\/147235"}],"collection":[{"href":"https:\/\/www.messinaoggi.it\/website\/wp-json\/wp\/v2\/posts"}],"about":[{"href":"https:\/\/www.messinaoggi.it\/website\/wp-json\/wp\/v2\/types\/post"}],"author":[{"embeddable":true,"href":"https:\/\/www.messinaoggi.it\/website\/wp-json\/wp\/v2\/users\/2"}],"replies":[{"embeddable":true,"href":"https:\/\/www.messinaoggi.it\/website\/wp-json\/wp\/v2\/comments?post=147235"}],"version-history":[{"count":1,"href":"https:\/\/www.messinaoggi.it\/website\/wp-json\/wp\/v2\/posts\/147235\/revisions"}],"predecessor-version":[{"id":147236,"href":"https:\/\/www.messinaoggi.it\/website\/wp-json\/wp\/v2\/posts\/147235\/revisions\/147236"}],"wp:featuredmedia":[{"embeddable":true,"href":"https:\/\/www.messinaoggi.it\/website\/wp-json\/wp\/v2\/media\/1602"}],"wp:attachment":[{"href":"https:\/\/www.messinaoggi.it\/website\/wp-json\/wp\/v2\/media?parent=147235"}],"wp:term":[{"taxonomy":"category","embeddable":true,"href":"https:\/\/www.messinaoggi.it\/website\/wp-json\/wp\/v2\/categories?post=147235"},{"taxonomy":"post_tag","embeddable":true,"href":"https:\/\/www.messinaoggi.it\/website\/wp-json\/wp\/v2\/tags?post=147235"}],"curies":[{"name":"wp","href":"https:\/\/api.w.org\/{rel}","templated":true}]}}