{"id":147192,"date":"2023-03-20T00:47:51","date_gmt":"2023-03-19T23:47:51","guid":{"rendered":"https:\/\/www.messinaoggi.it\/website\/2023\/03\/19\/messina-candidato-sindaco-catania-di-fdi-lo-scegliera-la-meloni\/"},"modified":"2023-03-20T10:33:43","modified_gmt":"2023-03-20T09:33:43","slug":"messina-candidato-sindaco-catania-di-fdi-lo-scegliera-la-meloni","status":"publish","type":"post","link":"https:\/\/www.messinaoggi.it\/website\/2023\/03\/20\/messina-candidato-sindaco-catania-di-fdi-lo-scegliera-la-meloni\/","title":{"rendered":"Messina \u201cCandidato sindaco Catania di FdI? Lo sceglier\u00e0 la Meloni\u201d"},"content":{"rendered":"<div>\n<p>CATANIA (ITALPRESS) \u2013 Centrodestra nel caos e, per la scelta del candidato sindaco di Catania, la palla passa ai vertici nazionali della coalizione. \u201cAspettiamo che il presidente Giorgia Meloni la settimana prossima si esprima e scelga il nome del candidato\u201d. Ruggero Razza, ex assessore regionale alla Salute o Sergio Parisi, ex assessore comunale della giunta Pogliese? \u201cIn ballo non ci sono solo loro. C\u2019\u00e8 una griglia di nomi su cui si esprimer\u00e0 la premier Catania \u00e8 la citt\u00e0 pi\u00f9 importante di questa tornata elettorale e la partita si gioca a Roma, dopo aver sentito i rappresentanti dei partiti a livello comunale, provinciale e regionale. Soprattutto se a livello regionale non si trover\u00e0 la tanto auspicata unit\u00e0\u201d. Lo ha detto all\u2019agenzia stampa Italpress Manlio Messina, deputato nazionale di Fratelli d\u2019Italia e braccio destro del premier. <br \/>\u201cOgni partito della coalizione ha delle velleit\u00e0 \u2013 spiega -. La nostra, invece, non \u00e8 velleit\u00e0. A noi spetta il candidato sindaco perch\u00e8 siamo il primo partito in Italia e in Sicilia. Abbiamo fatto un passo indietro sulla presidenza della Regione, per la forte pressione di Forza Italia e per il candidato sindaco di Palermo, dimostrando grande senso di responsabilit\u00e0. Ora spetta agli altri alleati tirarsi indietro\u201d.<div id=\"div-gpt-ad-Messinaoggi.it-DSK-300x250-corpoart\" style=\"text-align:center;margin:0 auto;\"><\/div><\/p>\n<p>foto: agenziafotogramma.it<div id=\"videoincontent\" style=\"clear:both\";><\/div><\/p>\n<p>(ITALPRESS).<\/p>\n<p>_____________________________<\/p>\n<\/div>\n","protected":false},"excerpt":{"rendered":"<p>CATANIA (ITALPRESS) \u2013 Centrodestra nel caos e, per la scelta del candidato sindaco di Catania, la palla passa ai vertici nazionali della coalizione. \u201cAspettiamo che il presidente Giorgia Meloni la settimana prossima si esprima e scelga il nome del candidato\u201d. Ruggero Razza, ex assessore regionale alla Salute o Sergio Parisi, ex assessore comunale della giunta [&hellip;]<\/p>\n","protected":false},"author":18,"featured_media":147193,"comment_status":"closed","ping_status":"closed","sticky":false,"template":"","format":"standard","meta":{"ub_ctt_via":"","_mi_skip_tracking":false},"categories":[11,2449],"tags":[783],"featured_image_src":"https:\/\/www.messinaoggi.it\/website\/wp-content\/uploads\/2023\/03\/20230319_1572.jpg","author_info":{"display_name":"Admin","author_link":"https:\/\/www.messinaoggi.it\/website\/author\/admin\/"},"digistream_id":0,"digistream":false,"_links":{"self":[{"href":"https:\/\/www.messinaoggi.it\/website\/wp-json\/wp\/v2\/posts\/147192"}],"collection":[{"href":"https:\/\/www.messinaoggi.it\/website\/wp-json\/wp\/v2\/posts"}],"about":[{"href":"https:\/\/www.messinaoggi.it\/website\/wp-json\/wp\/v2\/types\/post"}],"author":[{"embeddable":true,"href":"https:\/\/www.messinaoggi.it\/website\/wp-json\/wp\/v2\/users\/18"}],"replies":[{"embeddable":true,"href":"https:\/\/www.messinaoggi.it\/website\/wp-json\/wp\/v2\/comments?post=147192"}],"version-history":[{"count":1,"href":"https:\/\/www.messinaoggi.it\/website\/wp-json\/wp\/v2\/posts\/147192\/revisions"}],"predecessor-version":[{"id":147231,"href":"https:\/\/www.messinaoggi.it\/website\/wp-json\/wp\/v2\/posts\/147192\/revisions\/147231"}],"wp:featuredmedia":[{"embeddable":true,"href":"https:\/\/www.messinaoggi.it\/website\/wp-json\/wp\/v2\/media\/147193"}],"wp:attachment":[{"href":"https:\/\/www.messinaoggi.it\/website\/wp-json\/wp\/v2\/media?parent=147192"}],"wp:term":[{"taxonomy":"category","embeddable":true,"href":"https:\/\/www.messinaoggi.it\/website\/wp-json\/wp\/v2\/categories?post=147192"},{"taxonomy":"post_tag","embeddable":true,"href":"https:\/\/www.messinaoggi.it\/website\/wp-json\/wp\/v2\/tags?post=147192"}],"curies":[{"name":"wp","href":"https:\/\/api.w.org\/{rel}","templated":true}]}}