{"id":147067,"date":"2023-03-18T21:47:51","date_gmt":"2023-03-18T20:47:51","guid":{"rendered":"https:\/\/www.messinaoggi.it\/website\/2023\/03\/18\/palermo-pietre-contro-i-vigili-del-fuoco-che-spengono-i-roghi-di-san-giuseppe\/"},"modified":"2023-03-18T21:47:51","modified_gmt":"2023-03-18T20:47:51","slug":"palermo-pietre-contro-i-vigili-del-fuoco-che-spengono-i-roghi-di-san-giuseppe","status":"publish","type":"post","link":"https:\/\/www.messinaoggi.it\/website\/2023\/03\/18\/palermo-pietre-contro-i-vigili-del-fuoco-che-spengono-i-roghi-di-san-giuseppe\/","title":{"rendered":"Palermo, pietre contro i vigili del fuoco che spengono i roghi di San Giuseppe"},"content":{"rendered":"<div>\n<p>PALERMO (ITALPRESS) \u2013 Un autocarro dei vigili del fuoco \u00e8 stato pesantemente danneggiato durante le operazioni di spegnimento di un rogo a Palermo, in via Corazza, dove alcune persone avevano appiccato le fiamme per una \u201cvampa\u201d di San Giuseppe, la tradizionale quanto pericolosa usanza pluricentenaria della vigilia del 19 marzo. Il mezzo dei pompieri, sul posto per garantire l\u2019incolumit\u00e0 dei presenti, raccolti attorno alla vampa accesa a partire da una catasta di legname in zona Oreto, \u00e8 stato invece raggiunto dal lancio di alcuni sassi da parte di alcuni soggetti che hanno provocato danni al veicolo antincendio che, secondo quanto reso noto dal Comando provinciale, non \u00e8 pi\u00f9 utilizzabile per le attivit\u00e0 di soccorso.<br \/>\n-foto ufficio stampa vigili del fuoco \u2013<br \/>\n(ITALPRESS).<div id=\"div-gpt-ad-Messinaoggi.it-DSK-300x250-corpoart\" style=\"text-align:center;margin:0 auto;\"><\/div><\/p>\n<\/div>\n<div id=\"videoincontent\" style=\"clear:both\";><\/div>","protected":false},"excerpt":{"rendered":"<p>PALERMO (ITALPRESS) \u2013 Un autocarro dei vigili del fuoco \u00e8 stato pesantemente danneggiato durante le operazioni di spegnimento di un rogo a Palermo, in via Corazza, dove alcune persone avevano appiccato le fiamme per una \u201cvampa\u201d di San Giuseppe, la tradizionale quanto pericolosa usanza pluricentenaria della vigilia del 19 marzo. Il mezzo dei pompieri, sul [&hellip;]<\/p>\n","protected":false},"author":18,"featured_media":147068,"comment_status":"closed","ping_status":"closed","sticky":false,"template":"","format":"standard","meta":{"ub_ctt_via":"","_mi_skip_tracking":false},"categories":[2449],"tags":[783],"featured_image_src":"https:\/\/www.messinaoggi.it\/website\/wp-content\/uploads\/2023\/03\/palermo.jpg","author_info":{"display_name":"Admin","author_link":"https:\/\/www.messinaoggi.it\/website\/author\/admin\/"},"digistream_id":0,"digistream":false,"_links":{"self":[{"href":"https:\/\/www.messinaoggi.it\/website\/wp-json\/wp\/v2\/posts\/147067"}],"collection":[{"href":"https:\/\/www.messinaoggi.it\/website\/wp-json\/wp\/v2\/posts"}],"about":[{"href":"https:\/\/www.messinaoggi.it\/website\/wp-json\/wp\/v2\/types\/post"}],"author":[{"embeddable":true,"href":"https:\/\/www.messinaoggi.it\/website\/wp-json\/wp\/v2\/users\/18"}],"replies":[{"embeddable":true,"href":"https:\/\/www.messinaoggi.it\/website\/wp-json\/wp\/v2\/comments?post=147067"}],"version-history":[{"count":0,"href":"https:\/\/www.messinaoggi.it\/website\/wp-json\/wp\/v2\/posts\/147067\/revisions"}],"wp:featuredmedia":[{"embeddable":true,"href":"https:\/\/www.messinaoggi.it\/website\/wp-json\/wp\/v2\/media\/147068"}],"wp:attachment":[{"href":"https:\/\/www.messinaoggi.it\/website\/wp-json\/wp\/v2\/media?parent=147067"}],"wp:term":[{"taxonomy":"category","embeddable":true,"href":"https:\/\/www.messinaoggi.it\/website\/wp-json\/wp\/v2\/categories?post=147067"},{"taxonomy":"post_tag","embeddable":true,"href":"https:\/\/www.messinaoggi.it\/website\/wp-json\/wp\/v2\/tags?post=147067"}],"curies":[{"name":"wp","href":"https:\/\/api.w.org\/{rel}","templated":true}]}}