{"id":147023,"date":"2023-03-18T16:02:35","date_gmt":"2023-03-18T15:02:35","guid":{"rendered":"http:\/\/www.messinaoggi.it\/website\/?p=147023"},"modified":"2023-03-18T18:05:49","modified_gmt":"2023-03-18T17:05:49","slug":"messina-potenza-raciti-non-guarderemo-la-classifica","status":"publish","type":"post","link":"https:\/\/www.messinaoggi.it\/website\/2023\/03\/18\/messina-potenza-raciti-non-guarderemo-la-classifica\/","title":{"rendered":"Potenza Messina: Raciti &#8220;non guarderemo la classifica&#8221;"},"content":{"rendered":"\n<p>L&#8217;Acr Messina di <strong>Ezio Raciti<\/strong> parte alla volta di Potenza per la prossima sfida del Girone C di Serie C (ore 14.30 allo Stadio Alfredo Viviani), <a href=\"https:\/\/www.messinaoggi.it\/website\/2023\/03\/15\/messina-pescara-neutralizzato-zeman-segna-balde\/?fbclid=IwAR2YrlMKUbCTZ2xovjVaqVa5pcegEt3_LU-WLmUHNjf0YpqfVfqYofO96hA\" data-type=\"URL\" data-id=\"https:\/\/www.messinaoggi.it\/website\/2023\/03\/15\/messina-pescara-neutralizzato-zeman-segna-balde\/?fbclid=IwAR2YrlMKUbCTZ2xovjVaqVa5pcegEt3_LU-WLmUHNjf0YpqfVfqYofO96hA\"><strong>dopo l&#8217;importante vittoria in casa contro il Pescara<\/strong><\/a> di Zdenek Zeman. Sia il Messina che il Potenza sono molto in forma. I lucani vengono da una serie utile di sei turni consecutivi. Non perde dalla 27esima giornata. Ultima sconfitta proprio nel 5 a 0 subito a Pescara. Anche il Mister <strong> <\/strong>sa che l&#8217;avversario \u00e8 in buone condizioni e sta puntando alla zona playoff. E&#8217; infatti undicesima, a pari punti con la Juve Stabia decima, quindi ancora in piena corsa per l&#8217;obiettivo.  <div id=\"div-gpt-ad-Messinaoggi.it-DSK-300x250-corpoart\" style=\"text-align:center;margin:0 auto;\"><\/div><\/p>\n\n\n\n<p>Tuttavia, <a href=\"https:\/\/www.facebook.com\/MessinaOfficialPage\/videos\/1352478378819354\" data-type=\"URL\" data-id=\"https:\/\/www.facebook.com\/MessinaOfficialPage\/videos\/1352478378819354\">durante la conferenza stampa di oggi,<\/a> ha chiarito &#8220;Questa, come ogni partita, la affronteremo come una finale. Non possiamo permetterci di guardare alla classifica e agli avversari, abbiamo bisogno di punti e cercheremo di farli. Le finali, se le perdi, sei fuori. Non c&#8217;\u00e8 modo per rimediare&#8221;.<div id=\"videoincontent\" style=\"clear:both\";><\/div><\/p>\n\n\n\n<p>&#8220;Il Potenza &#8211; ha comunque avvertito l&#8217;allenatore biancoscudato &#8211; ha giocatori importanti, in difesa Sbraga, a centrocampo Cittadino, davanti Caturano, Del Sol, Di Grazia, giocatori che questa categoria la conoscono e hanno fatto gi\u00e0 bene. Meritava di fare pi\u00f9 punti per le sue qualit\u00e0, e questo \u00e8 indicativo della forza della squadra&#8221;.<\/p>\n\n\n\n<p>Riguardo alle condizioni atletiche dei giocatori del Messina, in vista di Potenza, Raciti ha specificato: &#8220;I ragazzi stanno bene fisicamente, sono carichi ed hanno lavorato bene. Sono tutti disponibili tranne i due squalificati&#8221; Mallamo e Fofana. Per questo potrebbero essere riproposti Fiorani e Konate, risultati ottimamente efficaci nel centrocampo inedito della scorsa partita. Infatti il tecnico conferma: &#8220;Il Messina visto col Pescara pu\u00f2 essere riproposto perch\u00e9 ha fatto bene, ha tenuto campo, era equilibrato. Ormai abbiamo questa identit\u00e0 di squadra. Potr\u00e0 comunque esserci qualche cambio. E&#8217; la terza partita in settimana. Vedremo oggi pomeriggio come stanno i ragazzi dopo la rifinitura, come sempre, e decider\u00f2. E&#8217; evidente per\u00f2 che hanno tutti la stessa possibilit\u00e0 di giocare&#8221;.<\/p>\n\n\n\n<p>Le condizioni fisiche per\u00f2 non bastano, se non ci sono la mente e l&#8217;ambiente giusto: &#8220;Questo \u00e8 un gruppo sano, di ragazzi perbene, non ci sono polemiche o insofferenze. Pure i tifosi hanno raggiunto una maturit\u00e0 importante, ci hanno sostenuto anche nelle partite dove non siamo andati bene perch\u00e9 sanno il lavoro che stiamo facendo e l&#8217;impegno che mettiamo&#8221;.<\/p>\n\n\n\n<p>E le parole del tecnico dei peloritani sono confermate finora dai fatti. Il Messina \u00e8 ancora in piena corsa per la salvezza diretta. Mancano due punti dalla posizione occupata dalla Gelbison, al momento la prima a salvarsi. Una vittoria del Messina domani potrebbe ribaltare tutto a favore del club biancoscudato, addirittura portare al sorpasso sui cilentini. Attenzione per\u00f2 anche alla Turris, davanti al Messina di un punto. I campani di Torre del Greco incontreranno a loro volta il Pescara. <\/p>\n\n\n\n<p><strong><a href=\"https:\/\/www.messinaoggi.it\/website\/2023\/03\/18\/potenza-messina-i-precedenti-recenti-sorridono\/?fbclid=IwAR2iOw8l8RB9YLXpFGnDyUQFqFgTkGWRH5XXy5U__I3cE9oSqe9QU5izCO4\" data-type=\"URL\" data-id=\"https:\/\/www.messinaoggi.it\/website\/2023\/03\/18\/potenza-messina-i-precedenti-recenti-sorridono\/?fbclid=IwAR2iOw8l8RB9YLXpFGnDyUQFqFgTkGWRH5XXy5U__I3cE9oSqe9QU5izCO4\">Qui i precedenti tra le due squadre.<\/a><\/strong><\/p>\n\n\n\n<p><strong>Michele Bruno.<\/strong><\/p>\n","protected":false},"excerpt":{"rendered":"<p>L&#8217;Acr Messina di Ezio Raciti parte alla volta di Potenza per la prossima sfida del Girone C di Serie C (ore 14.30 allo Stadio Alfredo Viviani), dopo l&#8217;importante vittoria in casa contro il Pescara di Zdenek Zeman. Sia il Messina che il Potenza sono molto in forma. I lucani vengono da una serie utile di [&hellip;]<\/p>\n","protected":false},"author":123457,"featured_media":147028,"comment_status":"open","ping_status":"open","sticky":false,"template":"","format":"standard","meta":{"ub_ctt_via":"","_mi_skip_tracking":false},"categories":[10,9],"tags":[24,6810,6807,6806,7101,6761],"featured_image_src":"https:\/\/www.messinaoggi.it\/website\/wp-content\/uploads\/2023\/03\/Messina-Potenza-Raciti.png","author_info":{"display_name":"Michele Bruno","author_link":"https:\/\/www.messinaoggi.it\/website\/author\/michele-bruno\/"},"digistream_id":0,"digistream":false,"_links":{"self":[{"href":"https:\/\/www.messinaoggi.it\/website\/wp-json\/wp\/v2\/posts\/147023"}],"collection":[{"href":"https:\/\/www.messinaoggi.it\/website\/wp-json\/wp\/v2\/posts"}],"about":[{"href":"https:\/\/www.messinaoggi.it\/website\/wp-json\/wp\/v2\/types\/post"}],"author":[{"embeddable":true,"href":"https:\/\/www.messinaoggi.it\/website\/wp-json\/wp\/v2\/users\/123457"}],"replies":[{"embeddable":true,"href":"https:\/\/www.messinaoggi.it\/website\/wp-json\/wp\/v2\/comments?post=147023"}],"version-history":[{"count":8,"href":"https:\/\/www.messinaoggi.it\/website\/wp-json\/wp\/v2\/posts\/147023\/revisions"}],"predecessor-version":[{"id":147054,"href":"https:\/\/www.messinaoggi.it\/website\/wp-json\/wp\/v2\/posts\/147023\/revisions\/147054"}],"wp:featuredmedia":[{"embeddable":true,"href":"https:\/\/www.messinaoggi.it\/website\/wp-json\/wp\/v2\/media\/147028"}],"wp:attachment":[{"href":"https:\/\/www.messinaoggi.it\/website\/wp-json\/wp\/v2\/media?parent=147023"}],"wp:term":[{"taxonomy":"category","embeddable":true,"href":"https:\/\/www.messinaoggi.it\/website\/wp-json\/wp\/v2\/categories?post=147023"},{"taxonomy":"post_tag","embeddable":true,"href":"https:\/\/www.messinaoggi.it\/website\/wp-json\/wp\/v2\/tags?post=147023"}],"curies":[{"name":"wp","href":"https:\/\/api.w.org\/{rel}","templated":true}]}}