{"id":146852,"date":"2023-03-17T12:17:52","date_gmt":"2023-03-17T11:17:52","guid":{"rendered":"https:\/\/www.messinaoggi.it\/website\/2023\/03\/17\/ita-aggiunge-voli-sulla-sicilia-deidda-longi-ora-riforme-strutturali\/"},"modified":"2023-03-17T12:17:52","modified_gmt":"2023-03-17T11:17:52","slug":"ita-aggiunge-voli-sulla-sicilia-deidda-longi-ora-riforme-strutturali","status":"publish","type":"post","link":"https:\/\/www.messinaoggi.it\/website\/2023\/03\/17\/ita-aggiunge-voli-sulla-sicilia-deidda-longi-ora-riforme-strutturali\/","title":{"rendered":"Ita aggiunge voli sulla Sicilia, Deidda-Longi \u201cOra riforme strutturali\u201d"},"content":{"rendered":"<div>\n<p>ROMA (ITALPRESS) \u2013 \u201cSiamo lieti che Ita dimostri, ancora una volta, la propria vicinanza ai territori e in particolare alla Sicilia, incrementando la capacit\u00e0 offerta per le festivit\u00e0 pasquali con tariffe competitive a garanzia della connettivit\u00e0 dei passeggeri siciliani\u201d: \u00e8 quanto dichiarano Salvatore Deidda, presidente della IX Commissione alla Camera dei deputati e Eliana Longi, deputata di FdI. \u201cAbbiamo voluto incontrare i rappresentanti di ITA Airways per avere aggiornamenti sulle criticit\u00e0 legate ai voli sulla Sicilia e siamo soddisfatti per le azioni intraprese della Compagnia di bandiera. ITA Airways \u2013 aggiungono \u2013 \u00e8 riuscita, infatti, a rispondere alle esigenze del territorio contemperando il legittimo interesse alla mobilit\u00e0 dei Siciliani con l\u2019altrettanto imprescindibile sostenibilit\u00e0 economica delle proprie operazioni. Ora, per\u00f2, \u00e8 necessario trovare soluzioni strutturali per queso annoso problema e a tal proposito auspichiamo un pacato e costruttivo confronto tra le Istituzioni, sia centrali che regionali, i gestori aeroportuali e la Compagnia di bandiera per condividere soluzioni che possano meglio rispondere alle esigenze del territorio siciliano\u201d. <br \/>\u201cCome Commissione Trasporti, insieme anche all\u2019opposizione, stiamo facendo partire l\u2019indagine conoscitiva incentrata proprio sul trasporto aereo da e per le Isole e studiare anche la normativa europea sugli aiuti di Stato. Inoltre, abbiamo gi\u00e0 chiesto all\u2019Europa, quando abbiamo approvato il parere sulla rete Ten- T, di riconoscere una normativa specifica per le Isole\u201d, concludono Deidda e Longi.<div id=\"div-gpt-ad-Messinaoggi.it-DSK-300x250-corpoart\" style=\"text-align:center;margin:0 auto;\"><\/div><\/p>\n<p>\u2013 foto agenziafotogramma.it \u2013<br \/>(ITALPRESS).<div id=\"videoincontent\" style=\"clear:both\";><\/div><\/p>\n<\/div>\n","protected":false},"excerpt":{"rendered":"<p>ROMA (ITALPRESS) \u2013 \u201cSiamo lieti che Ita dimostri, ancora una volta, la propria vicinanza ai territori e in particolare alla Sicilia, incrementando la capacit\u00e0 offerta per le festivit\u00e0 pasquali con tariffe competitive a garanzia della connettivit\u00e0 dei passeggeri siciliani\u201d: \u00e8 quanto dichiarano Salvatore Deidda, presidente della IX Commissione alla Camera dei deputati e Eliana Longi, [&hellip;]<\/p>\n","protected":false},"author":18,"featured_media":146853,"comment_status":"closed","ping_status":"closed","sticky":false,"template":"","format":"standard","meta":{"ub_ctt_via":"","_mi_skip_tracking":false},"categories":[2449],"tags":[783],"featured_image_src":"https:\/\/www.messinaoggi.it\/website\/wp-content\/uploads\/2023\/03\/20230317_0493.jpg","author_info":{"display_name":"Admin","author_link":"https:\/\/www.messinaoggi.it\/website\/author\/admin\/"},"digistream_id":0,"digistream":false,"_links":{"self":[{"href":"https:\/\/www.messinaoggi.it\/website\/wp-json\/wp\/v2\/posts\/146852"}],"collection":[{"href":"https:\/\/www.messinaoggi.it\/website\/wp-json\/wp\/v2\/posts"}],"about":[{"href":"https:\/\/www.messinaoggi.it\/website\/wp-json\/wp\/v2\/types\/post"}],"author":[{"embeddable":true,"href":"https:\/\/www.messinaoggi.it\/website\/wp-json\/wp\/v2\/users\/18"}],"replies":[{"embeddable":true,"href":"https:\/\/www.messinaoggi.it\/website\/wp-json\/wp\/v2\/comments?post=146852"}],"version-history":[{"count":0,"href":"https:\/\/www.messinaoggi.it\/website\/wp-json\/wp\/v2\/posts\/146852\/revisions"}],"wp:featuredmedia":[{"embeddable":true,"href":"https:\/\/www.messinaoggi.it\/website\/wp-json\/wp\/v2\/media\/146853"}],"wp:attachment":[{"href":"https:\/\/www.messinaoggi.it\/website\/wp-json\/wp\/v2\/media?parent=146852"}],"wp:term":[{"taxonomy":"category","embeddable":true,"href":"https:\/\/www.messinaoggi.it\/website\/wp-json\/wp\/v2\/categories?post=146852"},{"taxonomy":"post_tag","embeddable":true,"href":"https:\/\/www.messinaoggi.it\/website\/wp-json\/wp\/v2\/tags?post=146852"}],"curies":[{"name":"wp","href":"https:\/\/api.w.org\/{rel}","templated":true}]}}