{"id":146851,"date":"2023-03-17T12:32:35","date_gmt":"2023-03-17T11:32:35","guid":{"rendered":"http:\/\/www.messinaoggi.it\/website\/?p=146851"},"modified":"2023-03-17T12:32:41","modified_gmt":"2023-03-17T11:32:41","slug":"i-medici-piu-vicini-ai-pazienti-una-targa-per-loro","status":"publish","type":"post","link":"https:\/\/www.messinaoggi.it\/website\/2023\/03\/17\/i-medici-piu-vicini-ai-pazienti-una-targa-per-loro\/","title":{"rendered":"I medici pi\u00f9 vicini ai pazienti? Una targa per loro"},"content":{"rendered":"\n<p>Un riconoscimento pensato per chi ogni giorno dedica il proprio tempo a salvare vite, curare gli ammalati, stare vicino ai pazienti, non solo dal punto di vista clinico e scientifico ma soprattutto con la forza dell\u2019umanit\u00e0, la capacit\u00e0 di ascolto, la disponibilit\u00e0 del \u201cbuon medico\u201d: \u00e8 questo il principio ispiratore della Festa del medico, il concorso voluto dall\u2019Ordine provinciale per scegliere i medici pi\u00f9 vicini ai pazienti, quelli con maggiore capacit\u00e0 di ascolto. Il concorso giunge alla III edizione e coinvolge tutte le principali realt\u00e0 ospedaliere pubbliche e private dell\u2019area metropolitana.<div id=\"div-gpt-ad-Messinaoggi.it-DSK-300x250-corpoart\" style=\"text-align:center;margin:0 auto;\"><\/div><\/p>\n\n\n\n<p>Le novit\u00e0 della competizione, in stile Academy Award, sono state illustrate stamane durante la conferenza stampa di presentazione nella sede ordinistica dal presidente <strong>Giacomo Caudo<\/strong>, dalla  vicepresidente <strong>Francesca Granata<\/strong> e dal consigliere segretario <strong>Salvatore Rotondo<\/strong>, che presiede la giuria. <div id=\"videoincontent\" style=\"clear:both\";><\/div><\/p>\n\n\n\n<p>\u201cAnche quest\u2019anno saranno i cittadini a segnalare i medici secondo loro pi\u00f9 meritevoli e che ritengono pi\u00f9 vicini ai pazienti, tra quelli regolarmente iscritti al nostro ente &#8211; ha detto Caudo &#8211; compilando, a partire da luned\u00ec 20 marzo, un semplice modulo sul sito\u00a0<strong><a rel=\"noreferrer noopener\" href=\"http:\/\/www.omceo.me.it\/index.php?area=cittadino&amp;page=festamedico\" target=\"_blank\">www.omceo.me.it\/index.php?area=cittadino&amp;page=festamedico<\/a><\/strong>\u00a0entro il 5 aprile; subito dopo, la commissione giudicatrice si riunir\u00e0 per controllare la correttezza delle domande e coloro che avranno ricevuto pi\u00f9 segnalazioni andranno i nomination nelle rispettive categorie\u201d.\u00a0<\/p>\n\n\n\n<p>Sono sette le terne previste: A) ASP Messina; B) AOU Policlinico G. Martino; C) Papardo; D) Neurolesi &#8211; Piemonte; E) Ospedalit\u00e0 privata; F) Odontoiatria; G) Medicina del territorio e H) Medici non includibili in altre categorie. <\/p>\n\n\n\n<p>Della giuria fanno parte, oltre a Rotondo: il presidente CAO (Commissione Albo Odontoiatri)\u00a0<strong>Giuseppe Renzo<\/strong>, il coordinatore provinciale del Tribunale dei Diritti del Malato Giovanni Frazzica,\u00a0<strong>Giancarlo Quattrone<\/strong>\u00a0(Asp),\u00a0<strong>Giacomo Nicocia<\/strong>\u00a0(Policlinico),\u00a0<strong>Alberto Firenze<\/strong>\u00a0(Papardo),\u00a0<strong>Pippo Rao<\/strong> (Neurolesi &#8211; Piemonte),\u00a0<strong>Gustavo Barresi<\/strong>\u00a0(Aiop) e\u00a0<strong>Luca Radicati\u00a0<\/strong>(Acop).\u00a0<\/p>\n\n\n\n<p>\u201cVogliamo accendere i riflettori sui talenti medici e odontoiatrici del nostro territorio &#8211; ha sottolineato la Granata \u2013 ascoltando le voci e i desideri dell\u2019utenza\u201d.<\/p>\n\n\n\n<p>Una volta completata questa fase e composte le terne, sar\u00e0 aperto un televoto via SMS grazie al quale sempre gli stessi pazienti potranno votare un solo candidato tra quelli in nomination (ad esempio, uno per le \u201cAsp Messina\u201d, uno per \u201cPoliclinico\u201d e cos\u00ec via)\u201d. <\/p>\n\n\n\n<p>\u201cI dati, raccolti dal software e segretati ha spiegato Rotondo &#8211; rappresenteranno la classifica provvisoria, perch\u00e9 durante l\u2019evento &#8211; premiazione, che si svolger\u00e0 con ingresso gratuito, venerd\u00ec 12 maggio pomeriggio, al Palacultura, la votazione sar\u00e0 riaperta per pochi minuti e per ogni categoria e sar\u00e0 riservata al pubblico presente dunque fino all\u2019ultimo massima suspence\u2026 da Oscar\u201d. <\/p>\n\n\n\n<p>All\u2019incontro ha preso parte anche il consigliere dell\u2019Ordine <strong>Aurelio Lembo<\/strong> e il direttore UOC Staff dell\u2019Asp <strong>Giancarlo Quattrone<\/strong>, che ha ricordato l\u2019importanza dei medici presenti nel territorio che ogni giorno svolgono la loro professione con grande impegno e determinazione. <\/p>\n\n\n\n<p>I vincitori delle varie sezioni riceveranno una targa e un premio di 1000 euro ciascuno che sar\u00e0 assegnato durante la manifestazione, condotta dal giornalista <strong>Massimiliano Cavaleri <\/strong>e preceduta dalla consueta Cerimonia di Giuramento, che segna l\u2019ingresso dei medici neo laureati iscritti all\u2019Ordine messinese e la consegna delle medaglie d\u2019oro a chi ha compiuto 50 anni di laurea. <\/p>\n","protected":false},"excerpt":{"rendered":"<p>Un riconoscimento pensato per chi ogni giorno dedica il proprio tempo a salvare vite, curare gli ammalati, stare vicino ai pazienti, non solo dal punto di vista clinico e scientifico ma soprattutto con la forza dell\u2019umanit\u00e0, la capacit\u00e0 di ascolto, la disponibilit\u00e0 del \u201cbuon medico\u201d: \u00e8 questo il principio ispiratore della Festa del medico, il [&hellip;]<\/p>\n","protected":false},"author":15,"featured_media":146861,"comment_status":"open","ping_status":"open","sticky":false,"template":"","format":"standard","meta":{"ub_ctt_via":"","_mi_skip_tracking":false},"categories":[5],"tags":[2033,1883,7089,7088,7090,7086,4272,7087],"featured_image_src":"https:\/\/www.messinaoggi.it\/website\/wp-content\/uploads\/2023\/03\/I-medici-piu-vicini-ai-pazienti.jpg","author_info":{"display_name":"red.me","author_link":"https:\/\/www.messinaoggi.it\/website\/author\/red-me\/"},"digistream_id":0,"digistream":false,"_links":{"self":[{"href":"https:\/\/www.messinaoggi.it\/website\/wp-json\/wp\/v2\/posts\/146851"}],"collection":[{"href":"https:\/\/www.messinaoggi.it\/website\/wp-json\/wp\/v2\/posts"}],"about":[{"href":"https:\/\/www.messinaoggi.it\/website\/wp-json\/wp\/v2\/types\/post"}],"author":[{"embeddable":true,"href":"https:\/\/www.messinaoggi.it\/website\/wp-json\/wp\/v2\/users\/15"}],"replies":[{"embeddable":true,"href":"https:\/\/www.messinaoggi.it\/website\/wp-json\/wp\/v2\/comments?post=146851"}],"version-history":[{"count":1,"href":"https:\/\/www.messinaoggi.it\/website\/wp-json\/wp\/v2\/posts\/146851\/revisions"}],"predecessor-version":[{"id":146860,"href":"https:\/\/www.messinaoggi.it\/website\/wp-json\/wp\/v2\/posts\/146851\/revisions\/146860"}],"wp:featuredmedia":[{"embeddable":true,"href":"https:\/\/www.messinaoggi.it\/website\/wp-json\/wp\/v2\/media\/146861"}],"wp:attachment":[{"href":"https:\/\/www.messinaoggi.it\/website\/wp-json\/wp\/v2\/media?parent=146851"}],"wp:term":[{"taxonomy":"category","embeddable":true,"href":"https:\/\/www.messinaoggi.it\/website\/wp-json\/wp\/v2\/categories?post=146851"},{"taxonomy":"post_tag","embeddable":true,"href":"https:\/\/www.messinaoggi.it\/website\/wp-json\/wp\/v2\/tags?post=146851"}],"curies":[{"name":"wp","href":"https:\/\/api.w.org\/{rel}","templated":true}]}}