{"id":146817,"date":"2023-03-17T10:53:40","date_gmt":"2023-03-17T09:53:40","guid":{"rendered":"http:\/\/www.messinaoggi.it\/website\/?p=146817"},"modified":"2023-03-17T10:54:48","modified_gmt":"2023-03-17T09:54:48","slug":"parcheggio-viale-europa-uil-fpl-penalizzano-lavoratori-e-utenti","status":"publish","type":"post","link":"https:\/\/www.messinaoggi.it\/website\/2023\/03\/17\/parcheggio-viale-europa-uil-fpl-penalizzano-lavoratori-e-utenti\/","title":{"rendered":"Parcheggi viale Europa, Uil-Fpl: \u201cPenalizzano lavoratori e utenti Piemonte&#8221;"},"content":{"rendered":"\n<p>Un nuovo \u201cno\u201d al parcheggio di interscambio a pagamento di viale Europa si aggiunge al coro delle critiche, che stanno tenendo banco in questi ultimi giorni in citt\u00e0. Scende in campo la Uil-Fpl di Messina, fortemente sollecitata dai propri iscritti in servizio all\u2019ospedale Piemonte.<div id=\"div-gpt-ad-Messinaoggi.it-DSK-300x250-corpoart\" style=\"text-align:center;margin:0 auto;\"><\/div><\/p>\n\n\n\n<p>\u201cApprendiamo dalla stampa che presto sar\u00e0 aperto il cantiere per la realizzazione di un parcheggio di interscambio a pagamento sul viale Europa, proprio in corrispondenza dell\u2019ospedale Piemonte. Se come si apprende dagli organi di informazione il parcheggio a pagamento, ci\u00f2 costituir\u00e0 un nuovo tributo a carico dei lavoratori che saranno costretti a versare una quota del proprio stipendio al Comune di Messina. Ci\u00f2 non \u00e8 possibile perch\u00e9 i lavoratori non devono subire ulteriori prelievi. Non accettiamo che il Comune di Messina metta le mani nelle tasche dei nostri lavoratori per l\u2019istituzione di un parcheggio a pagamento. Se cos\u00ec fosse, ad essere penalizzati saranno anche gli utenti della struttura che non dispone di un posteggio proprio. Alla luce di quanto sopra, a parte i disagi che l\u2019ospedale Piemonte dovr\u00e0 subire per i lavori, vogliamo augurarci che saranno previste delle misure che consentano l\u2019esenzione del pagamento a chi si reca giornalmente al lavoro per l\u2019espletamento del proprio servizio\u201d.<div id=\"videoincontent\" style=\"clear:both\";><\/div><\/p>\n\n\n\n<p>Affermano Livio Andronico e Maurizio Celona, rispettivamente segretario generale e segretario organizzativo della Uil-Fpl Messina e Antonio Duca, responsabile area medica Irccs-Neurolesi.<\/p>\n","protected":false},"excerpt":{"rendered":"<p>Un nuovo \u201cno\u201d al parcheggio di interscambio a pagamento di viale Europa si aggiunge al coro delle critiche, che stanno tenendo banco in questi ultimi giorni in citt\u00e0. Scende in campo la Uil-Fpl di Messina, fortemente sollecitata dai propri iscritti in servizio all\u2019ospedale Piemonte. \u201cApprendiamo dalla stampa che presto sar\u00e0 aperto il cantiere per la [&hellip;]<\/p>\n","protected":false},"author":2,"featured_media":127324,"comment_status":"open","ping_status":"open","sticky":false,"template":"","format":"standard","meta":{"ub_ctt_via":"","_mi_skip_tracking":false},"categories":[5],"tags":[2462,5461,115],"featured_image_src":"https:\/\/www.messinaoggi.it\/website\/wp-content\/uploads\/2022\/10\/piemonte_irccs-3.jpg","author_info":{"display_name":"Redazione","author_link":"https:\/\/www.messinaoggi.it\/website\/author\/redazione\/"},"digistream_id":0,"digistream":false,"_links":{"self":[{"href":"https:\/\/www.messinaoggi.it\/website\/wp-json\/wp\/v2\/posts\/146817"}],"collection":[{"href":"https:\/\/www.messinaoggi.it\/website\/wp-json\/wp\/v2\/posts"}],"about":[{"href":"https:\/\/www.messinaoggi.it\/website\/wp-json\/wp\/v2\/types\/post"}],"author":[{"embeddable":true,"href":"https:\/\/www.messinaoggi.it\/website\/wp-json\/wp\/v2\/users\/2"}],"replies":[{"embeddable":true,"href":"https:\/\/www.messinaoggi.it\/website\/wp-json\/wp\/v2\/comments?post=146817"}],"version-history":[{"count":3,"href":"https:\/\/www.messinaoggi.it\/website\/wp-json\/wp\/v2\/posts\/146817\/revisions"}],"predecessor-version":[{"id":146822,"href":"https:\/\/www.messinaoggi.it\/website\/wp-json\/wp\/v2\/posts\/146817\/revisions\/146822"}],"wp:featuredmedia":[{"embeddable":true,"href":"https:\/\/www.messinaoggi.it\/website\/wp-json\/wp\/v2\/media\/127324"}],"wp:attachment":[{"href":"https:\/\/www.messinaoggi.it\/website\/wp-json\/wp\/v2\/media?parent=146817"}],"wp:term":[{"taxonomy":"category","embeddable":true,"href":"https:\/\/www.messinaoggi.it\/website\/wp-json\/wp\/v2\/categories?post=146817"},{"taxonomy":"post_tag","embeddable":true,"href":"https:\/\/www.messinaoggi.it\/website\/wp-json\/wp\/v2\/tags?post=146817"}],"curies":[{"name":"wp","href":"https:\/\/api.w.org\/{rel}","templated":true}]}}