{"id":146811,"date":"2023-03-17T10:07:58","date_gmt":"2023-03-17T09:07:58","guid":{"rendered":"https:\/\/www.messinaoggi.it\/website\/2023\/03\/17\/covid-rt-in-calo-a-094-quattro-regioni-a-rischio-alto\/"},"modified":"2023-03-17T11:11:28","modified_gmt":"2023-03-17T10:11:28","slug":"covid-rt-in-calo-a-094-quattro-regioni-a-rischio-alto","status":"publish","type":"post","link":"https:\/\/www.messinaoggi.it\/website\/2023\/03\/17\/covid-rt-in-calo-a-094-quattro-regioni-a-rischio-alto\/","title":{"rendered":"Covid, Rt in calo a 0,94. Quattro regioni a rischio alto"},"content":{"rendered":"<div>ROMA (ITALPRESS) &#8211; Sostanzialmente stabile l&#8217;incidenza settimanale a livello nazionale dei casi Covid: 40 ogni 100.000 abitanti contro i 41 ogni 100.000 abitanti della scorsa settimana. E&#8217; quanto emerge dal monitoraggio della Cabina di regia Iss-ministero della Salute. Nel periodo 22 febbraio-7 marzo 2023, l&#8217;Rt medio calcolato sui casi sintomatici \u00e8 stato pari a 0,94, in lieve diminuzione rispetto alla settimana precedente e sotto la soglia epidemica. L&#8217;indice di trasmissibilit\u00e0 basato sui casi con ricovero ospedaliero \u00e8 stabile e sotto la soglia epidemica. Il tasso di occupazione in terapia intensiva \u00e8 stabile all&#8217;1,0%, mentre il tasso di occupazione in aree mediche a livello nazionale scende al 4,3%. <br \/>Quattro Regioni sono classificate a rischio alto, nove sono a rischio moderato e otto a rischio basso.<div id=\"div-gpt-ad-Messinaoggi.it-DSK-300x250-corpoart\" style=\"text-align:center;margin:0 auto;\"><\/div><\/p>\n<p>&#8211; foto agenziafotogramma.it &#8211;<br \/>(ITALPRESS).<\/div>\n<div id=\"videoincontent\" style=\"clear:both\";><\/div>","protected":false},"excerpt":{"rendered":"<p>ROMA (ITALPRESS) &#8211; Sostanzialmente stabile l&#8217;incidenza settimanale a livello nazionale dei casi Covid: 40 ogni 100.000 abitanti contro i 41 ogni 100.000 abitanti della scorsa settimana. E&#8217; quanto emerge dal monitoraggio della Cabina di regia Iss-ministero della Salute. Nel periodo 22 febbraio-7 marzo 2023, l&#8217;Rt medio calcolato sui casi sintomatici \u00e8 stato pari a 0,94, [&hellip;]<\/p>\n","protected":false},"author":18,"featured_media":146812,"comment_status":"closed","ping_status":"closed","sticky":false,"template":"","format":"standard","meta":{"ub_ctt_via":"","_mi_skip_tracking":false},"categories":[221,446],"tags":[783],"featured_image_src":"https:\/\/www.messinaoggi.it\/website\/wp-content\/uploads\/2023\/03\/20230317_0187.jpg","author_info":{"display_name":"Admin","author_link":"https:\/\/www.messinaoggi.it\/website\/author\/admin\/"},"digistream_id":0,"digistream":false,"_links":{"self":[{"href":"https:\/\/www.messinaoggi.it\/website\/wp-json\/wp\/v2\/posts\/146811"}],"collection":[{"href":"https:\/\/www.messinaoggi.it\/website\/wp-json\/wp\/v2\/posts"}],"about":[{"href":"https:\/\/www.messinaoggi.it\/website\/wp-json\/wp\/v2\/types\/post"}],"author":[{"embeddable":true,"href":"https:\/\/www.messinaoggi.it\/website\/wp-json\/wp\/v2\/users\/18"}],"replies":[{"embeddable":true,"href":"https:\/\/www.messinaoggi.it\/website\/wp-json\/wp\/v2\/comments?post=146811"}],"version-history":[{"count":1,"href":"https:\/\/www.messinaoggi.it\/website\/wp-json\/wp\/v2\/posts\/146811\/revisions"}],"predecessor-version":[{"id":146827,"href":"https:\/\/www.messinaoggi.it\/website\/wp-json\/wp\/v2\/posts\/146811\/revisions\/146827"}],"wp:featuredmedia":[{"embeddable":true,"href":"https:\/\/www.messinaoggi.it\/website\/wp-json\/wp\/v2\/media\/146812"}],"wp:attachment":[{"href":"https:\/\/www.messinaoggi.it\/website\/wp-json\/wp\/v2\/media?parent=146811"}],"wp:term":[{"taxonomy":"category","embeddable":true,"href":"https:\/\/www.messinaoggi.it\/website\/wp-json\/wp\/v2\/categories?post=146811"},{"taxonomy":"post_tag","embeddable":true,"href":"https:\/\/www.messinaoggi.it\/website\/wp-json\/wp\/v2\/tags?post=146811"}],"curies":[{"name":"wp","href":"https:\/\/api.w.org\/{rel}","templated":true}]}}