{"id":146793,"date":"2023-03-17T09:55:43","date_gmt":"2023-03-17T08:55:43","guid":{"rendered":"http:\/\/www.messinaoggi.it\/website\/?p=146793"},"modified":"2023-03-17T09:55:45","modified_gmt":"2023-03-17T08:55:45","slug":"viale-europa-pronto-il-primo-parcheggio-piovono-le-critiche","status":"publish","type":"post","link":"https:\/\/www.messinaoggi.it\/website\/2023\/03\/17\/viale-europa-pronto-il-primo-parcheggio-piovono-le-critiche\/","title":{"rendered":"Viale Europa, pronto il primo parcheggio: piovono le critiche"},"content":{"rendered":"\n<p>Il primo parcheggio di interscambio di viale Europa (tratto compreso fra viale San Martino e via Santa Cecilia), \u00e8 pronto. Manca solo qualche dettaglio e la collocazione delle barre d&#8217;ingresso, ma piovono e prime critiche alla contestata opera.<div id=\"div-gpt-ad-Messinaoggi.it-DSK-300x250-corpoart\" style=\"text-align:center;margin:0 auto;\"><\/div><\/p>\n\n\n\n<p>I cittadini che hanno dovuto subire immani disagi per il lavori, adesso si chiedono dove siano i varchi per il passaggio pedonale. In quasi 300 metri di strada, infatti, non sarebbe stato previsto alcun passaggio per i pedoni e  peggio ancora per i soggetti diversamente abili. Non esiste un sol o varco di passaggio. Per essere pi\u00f9 chiari, chi si trova su viale Europa e ha necessit\u00e0 di attraversare la strada, dovr\u00e0 recarsi a piedi all&#8217;incrocio con viale San Martino o in corrispondenza della rotatoria a monte. <div id=\"videoincontent\" style=\"clear:both\";><\/div><\/p>\n\n\n\n<p>Si \u00e8 trattato di una semplice dimenticanza o di un progetto &#8220;sballato&#8221;? A questo interrogativo, viste le numerose critiche piovute sul web, dovr\u00e0 dare una risposta l&#8217;assessore alla viabilit\u00e0 Salvatore Mondello, padre indiscusso dei tanto discussi parcheggi di interscambio in citt\u00e0. <\/p>\n\n\n\n<p>Intanto, si apre un altro fronte di polemiche perch\u00e9 presto sar\u00e0 aperto il nuovo cantiere su viale Europa, in corrispondenza dell&#8217;ospedale Piemonte. E qui sono sul piede di guerra i lavoratori della struttura ospedaliera che non sono d&#8217;accordo con il pagamento del posteggio. A part i disagi che si creeranno in fase di realizzazione, tenuto conto che proprio di fronte vi \u00e8 un ospedale.<\/p>\n","protected":false},"excerpt":{"rendered":"<p>Il primo parcheggio di interscambio di viale Europa (tratto compreso fra viale San Martino e via Santa Cecilia), \u00e8 pronto. Manca solo qualche dettaglio e la collocazione delle barre d&#8217;ingresso, ma piovono e prime critiche alla contestata opera. I cittadini che hanno dovuto subire immani disagi per il lavori, adesso si chiedono dove siano i [&hellip;]<\/p>\n","protected":false},"author":2,"featured_media":146794,"comment_status":"open","ping_status":"open","sticky":false,"template":"","format":"standard","meta":{"ub_ctt_via":"","_mi_skip_tracking":false},"categories":[19],"tags":[7076,5081,7077,2406],"featured_image_src":"https:\/\/www.messinaoggi.it\/website\/wp-content\/uploads\/2023\/03\/336641759_189118370525376_5757113951708658316_n.jpg","author_info":{"display_name":"Redazione","author_link":"https:\/\/www.messinaoggi.it\/website\/author\/redazione\/"},"digistream_id":0,"digistream":false,"_links":{"self":[{"href":"https:\/\/www.messinaoggi.it\/website\/wp-json\/wp\/v2\/posts\/146793"}],"collection":[{"href":"https:\/\/www.messinaoggi.it\/website\/wp-json\/wp\/v2\/posts"}],"about":[{"href":"https:\/\/www.messinaoggi.it\/website\/wp-json\/wp\/v2\/types\/post"}],"author":[{"embeddable":true,"href":"https:\/\/www.messinaoggi.it\/website\/wp-json\/wp\/v2\/users\/2"}],"replies":[{"embeddable":true,"href":"https:\/\/www.messinaoggi.it\/website\/wp-json\/wp\/v2\/comments?post=146793"}],"version-history":[{"count":1,"href":"https:\/\/www.messinaoggi.it\/website\/wp-json\/wp\/v2\/posts\/146793\/revisions"}],"predecessor-version":[{"id":146795,"href":"https:\/\/www.messinaoggi.it\/website\/wp-json\/wp\/v2\/posts\/146793\/revisions\/146795"}],"wp:featuredmedia":[{"embeddable":true,"href":"https:\/\/www.messinaoggi.it\/website\/wp-json\/wp\/v2\/media\/146794"}],"wp:attachment":[{"href":"https:\/\/www.messinaoggi.it\/website\/wp-json\/wp\/v2\/media?parent=146793"}],"wp:term":[{"taxonomy":"category","embeddable":true,"href":"https:\/\/www.messinaoggi.it\/website\/wp-json\/wp\/v2\/categories?post=146793"},{"taxonomy":"post_tag","embeddable":true,"href":"https:\/\/www.messinaoggi.it\/website\/wp-json\/wp\/v2\/tags?post=146793"}],"curies":[{"name":"wp","href":"https:\/\/api.w.org\/{rel}","templated":true}]}}