{"id":146762,"date":"2023-03-16T21:02:51","date_gmt":"2023-03-16T20:02:51","guid":{"rendered":"https:\/\/www.messinaoggi.it\/website\/2023\/03\/16\/ita-piu-voli-verso-la-sicilia-per-pasqua-schifani-battaglia-continua\/"},"modified":"2023-03-16T21:02:51","modified_gmt":"2023-03-16T20:02:51","slug":"ita-piu-voli-verso-la-sicilia-per-pasqua-schifani-battaglia-continua","status":"publish","type":"post","link":"https:\/\/www.messinaoggi.it\/website\/2023\/03\/16\/ita-piu-voli-verso-la-sicilia-per-pasqua-schifani-battaglia-continua\/","title":{"rendered":"Ita, pi\u00f9 voli verso la Sicilia per Pasqua. Schifani \u201cBattaglia continua\u201d"},"content":{"rendered":"<div>\n<p>PALERMO (ITALPRESS) \u2013 Dopo l\u2019invito del presidente della Regione siciliana, Renato Schifani, a incrementare la frequenza dei voli e calmierare le tariffe per Pasqua, Ita Airways ha risposto al Governatore attraverso una lettera, a firma dell\u2019amministratore delegato e direttore generale, Fabio Daniele Maria Lazzerini, in cui sottolinea \u201cl\u2019assoluta importanza per ITA Airways della Regione Siciliana e della connettivit\u00e0 del territorio e dei cittadini, che la Compagnia si impegna ad assicurare collegando l\u2019Isola dagli aeroporti di Catania e Palermo con il resto d\u2019Italia e, attraverso le prosecuzioni dai propri aeroporti di riferimento di Roma Fiumicino e Milano Linate, con destinazioni internazionali ed intercontinentali, senza peraltro avere accesso ad alcuna forma di incentivazione e\/o di contributo da parte degli aeroporti siciliani o di enti locali\u201d. Nella missiva, Lazzerini sottolinea che la compagnia aerea \u201cstava gi\u00e0 lavorando nei giorni scorsi per incrementare la capacit\u00e0 per il mese di<br \/>\naprile 2023, con particolare attenzione alle prossime festivit\u00e0 pasquali. A tal proposito la Compagnia ha previsto una frequenza giornaliera aggiuntiva sia sulla Catania-Milano Linate che sulla Palermo-Milano Linate, i relativi voli stanno per essere inseriti nei sistemi di vendita\u201d.<br \/>\n\u201cInoltre, sulle rotte Roma Fiumicino-Catania e Roma Fiumicino-Palermo aggiungeremo 8 voli aggiuntivi a cavallo di Pasqua, e anche questi voli saranno messi in vendita nelle prossime ore. Stiamo inoltre completando le necessarie verifiche operative per aggiungere anche 12 voli a ridosso del 25 aprile\u201d. Quanto alle tariffe, Lazzerini ricorda a Schifani che \u201csono in regime di libero mercato\u201d evidenziando che \u201cnel periodo delle festivit\u00e0 pasquali la Compagnia offre biglietti in vendita a partire da 45 euro a tratta. Esattamente come avviene per tutte le altre compagnie aeree e anche in settori diversi dal trasporto aereo come, per esempio, quello delle prenotazioni alberghiere, le tariffe variano in base a numerosissimi fattori legati al principio economico della domanda e dell\u2019offerta\u201d.<br \/>\n\u201cA dimostrazione dell\u2019attenzione di ITA Airways per la Sicilia ed i suoi cittadini, la Compagnia \u2013 spiega ancora il manager di Ita nella lettera \u2013 ha previsto l\u2019applicazione ai voli aggiuntivi sopra menzionati di una griglia tariffaria con tariffe competitive per il periodo delle festivit\u00e0 pasquali, che contemperino, come da Lei giustamente sostenuto, il diritto alla mobilit\u00e0 dei Cittadini siciliani con l\u2019interesse alla sostenibilit\u00e0 economica delle operazioni della Compagnia che mi onoro di rappresentare\u201d.<br \/>\nInoltre, Lazzerini ha colto l\u2019occasione \u201cper rinnovare la richiesta di un incontro, gi\u00e0 inoltrata da parte dei nostri uffici all\u2019attenzione degli assessorati competenti, al fine di condividere proposte atte a valorizzare i collegamenti offerti da ITA Airways ed a restituire cos\u00ec un piano di interventi strutturale che eviti il ripetersi di situazioni emergenziali come quella in discussione nella presente corrispondenza\u201d.<br \/>\nImmediata la replica di Schifani. \u201cNel pomeriggio di ieri \u2013 dice in una nota \u2013 avevo chiesto a Ita l\u2019aumento dei voli in aprile e l\u2019abbassamento delle tariffe. Oggi la compagnia a capitale interamente pubblico ha risposto alla mia richiesta con una lettera che ci rende parzialmente soddisfatti perch\u00e9 \u00e8 venuta incontro alla prima richiesta seppur prevedendo nuovi voli a tariffe controllate. Rimane irrisolta per i mesi successivi la inaccettabile situazione di cartello creato dalla stessa societ\u00e0 e Ryanair che abbiamo denunciato all\u2019Antitrust dala quale ci attendiamo un provvedimento sanzionatorio\u201d.<br \/>\n\u201cPer fortuna \u2013 sottolinea Schifani \u2013 dal 1\u00b0 giugno operer\u00e0 il terzo vettore Aeroitalia che consentir\u00e0 ai siciliani di raggiungere il Continente con tariffe molto pi\u00f9 basse, rispetto a quelle scandalosamente applicate nei confronti dei siciliani dalle compagnie che hanno fatto cartello, e che ha gi\u00e0 venduto migliaia di biglietti pur non ancora operando. La nostra battaglia contro il caro voli non si fermer\u00e0\u201d, conclude.<div id=\"div-gpt-ad-Messinaoggi.it-DSK-300x250-corpoart\" style=\"text-align:center;margin:0 auto;\"><\/div><\/p>\n<p>\u2013 foto agenziafotogramma.it \u2013<br \/>\n(ITALPRESS).<div id=\"videoincontent\" style=\"clear:both\";><\/div><\/p>\n<\/div>\n","protected":false},"excerpt":{"rendered":"<p>PALERMO (ITALPRESS) \u2013 Dopo l\u2019invito del presidente della Regione siciliana, Renato Schifani, a incrementare la frequenza dei voli e calmierare le tariffe per Pasqua, Ita Airways ha risposto al Governatore attraverso una lettera, a firma dell\u2019amministratore delegato e direttore generale, Fabio Daniele Maria Lazzerini, in cui sottolinea \u201cl\u2019assoluta importanza per ITA Airways della Regione Siciliana [&hellip;]<\/p>\n","protected":false},"author":18,"featured_media":146763,"comment_status":"closed","ping_status":"closed","sticky":false,"template":"","format":"standard","meta":{"ub_ctt_via":"","_mi_skip_tracking":false},"categories":[2449],"tags":[783],"featured_image_src":"https:\/\/www.messinaoggi.it\/website\/wp-content\/uploads\/2023\/03\/20230225_1015.jpg","author_info":{"display_name":"Admin","author_link":"https:\/\/www.messinaoggi.it\/website\/author\/admin\/"},"digistream_id":0,"digistream":false,"_links":{"self":[{"href":"https:\/\/www.messinaoggi.it\/website\/wp-json\/wp\/v2\/posts\/146762"}],"collection":[{"href":"https:\/\/www.messinaoggi.it\/website\/wp-json\/wp\/v2\/posts"}],"about":[{"href":"https:\/\/www.messinaoggi.it\/website\/wp-json\/wp\/v2\/types\/post"}],"author":[{"embeddable":true,"href":"https:\/\/www.messinaoggi.it\/website\/wp-json\/wp\/v2\/users\/18"}],"replies":[{"embeddable":true,"href":"https:\/\/www.messinaoggi.it\/website\/wp-json\/wp\/v2\/comments?post=146762"}],"version-history":[{"count":0,"href":"https:\/\/www.messinaoggi.it\/website\/wp-json\/wp\/v2\/posts\/146762\/revisions"}],"wp:featuredmedia":[{"embeddable":true,"href":"https:\/\/www.messinaoggi.it\/website\/wp-json\/wp\/v2\/media\/146763"}],"wp:attachment":[{"href":"https:\/\/www.messinaoggi.it\/website\/wp-json\/wp\/v2\/media?parent=146762"}],"wp:term":[{"taxonomy":"category","embeddable":true,"href":"https:\/\/www.messinaoggi.it\/website\/wp-json\/wp\/v2\/categories?post=146762"},{"taxonomy":"post_tag","embeddable":true,"href":"https:\/\/www.messinaoggi.it\/website\/wp-json\/wp\/v2\/tags?post=146762"}],"curies":[{"name":"wp","href":"https:\/\/api.w.org\/{rel}","templated":true}]}}